{"id":64,"date":"2023-03-12T18:03:00","date_gmt":"2023-03-12T18:03:00","guid":{"rendered":"http:\/\/www.dorffest-schwerzenbach.ch\/2020\/?p=64"},"modified":"2023-06-15T19:12:42","modified_gmt":"2023-06-15T19:12:42","slug":"unsere-sponsoren","status":"publish","type":"post","link":"https:\/\/dorffest-schwerzenbach.ch\/2023\/unsere-sponsoren\/","title":{"rendered":"Unsere Sponsoren"},"content":{"rendered":"<div class=\"wp-block-image\">\n<figure class=\"alignright size-large is-resized\"><a href=\"https:\/\/dorffest-schwerzenbach.ch\/2023\/wp-content\/uploads\/2023\/04\/Delphin_silhouette.png\"><img decoding=\"async\" loading=\"lazy\" src=\"https:\/\/dorffest-schwerzenbach.ch\/2023\/wp-content\/uploads\/2023\/04\/Delphin_silhouette-934x1024.png\" alt=\"\" class=\"wp-image-1273\" width=\"151\" height=\"166\" srcset=\"https:\/\/dorffest-schwerzenbach.ch\/2023\/wp-content\/uploads\/2023\/04\/Delphin_silhouette-934x1024.png 934w, https:\/\/dorffest-schwerzenbach.ch\/2023\/wp-content\/uploads\/2023\/04\/Delphin_silhouette-274x300.png 274w, https:\/\/dorffest-schwerzenbach.ch\/2023\/wp-content\/uploads\/2023\/04\/Delphin_silhouette-768x842.png 768w, https:\/\/dorffest-schwerzenbach.ch\/2023\/wp-content\/uploads\/2023\/04\/Delphin_silhouette-1402x1536.png 1402w, https:\/\/dorffest-schwerzenbach.ch\/2023\/wp-content\/uploads\/2023\/04\/Delphin_silhouette-1869x2048.png 1869w\" sizes=\"(max-width: 151px) 100vw, 151px\" \/><\/a><\/figure><\/div>\n\n\n<figure class=\"wp-block-image\"><img decoding=\"async\" loading=\"lazy\" width=\"300\" height=\"84\" src=\"https:\/\/dorffest-schwerzenbach.ch\/2023\/wp-content\/uploads\/2018\/11\/kinder-1-300x84.jpg\" alt=\"\" class=\"wp-image-8\" srcset=\"https:\/\/dorffest-schwerzenbach.ch\/2023\/wp-content\/uploads\/2018\/11\/kinder-1-300x84.jpg 300w, https:\/\/dorffest-schwerzenbach.ch\/2023\/wp-content\/uploads\/2018\/11\/kinder-1.jpg 704w\" sizes=\"(max-width: 300px) 100vw, 300px\" \/><\/figure>\n\n\n\n<p>Ohne unsere Sponsoren w\u00e4re ein Dorffest kaum durchf\u00fchrbar, denn die Ortsvereine k\u00f6nnten die notwendige Infrastruktur kaum (vor)finanzieren.&nbsp;Der Schwerzenbacher Dorffestverein wirft seine Angel aus und versucht m\u00f6glichst grosse Fische an Land zu ziehen\u2026<\/p>\n\n\n\n<h4 class=\"wp-block-heading\"><strong>Sponsoring?<\/strong>&nbsp; <a href=\"https:\/\/dorffest-schwerzenbach.ch\/2023\/wp-content\/uploads\/2022\/08\/Sponsoring-Antrag.pdf\">Spons<\/a><a href=\"https:\/\/dorffest-schwerzenbach.ch\/2023\/wp-content\/uploads\/2022\/08\/Sponsoring-Antrag.pdf\" target=\"_blank\" rel=\"noreferrer noopener\">oringm\u00f6glichkeiten &lt;hier klicken<\/a><a href=\"https:\/\/dorffest-schwerzenbach.ch\/2023\/wp-content\/uploads\/2022\/08\/Sponsoring-Antrag.pdf\">&gt;<\/a><\/h4>\n\n\n\n<div class=\"wp-block-columns is-layout-flex wp-container-2 wp-block-columns-is-layout-flex\">\n<div class=\"wp-block-column is-layout-flow wp-block-column-is-layout-flow\" style=\"flex-basis:100%\">\n<hr class=\"wp-block-separator aligncenter has-alpha-channel-opacity\"\/>\n<\/div>\n<\/div>\n\n\n\n<h3 class=\"wp-block-heading\"><strong>Wir bedanken uns bei unseren Sponsoren herzlich f\u00fcr die Unterst\u00fctzung!<\/strong>&nbsp;<\/h3>\n\n\n\n<h3 class=\"wp-block-heading has-cyan-bluish-gray-background-color has-background\"><strong>Schwerzenbacher Fisch:<\/strong><br><strong>mehr als CHF 1&#8217;000<\/strong><\/h3>\n\n\n\n<p><\/p>\n\n\n\n<p><br><\/p>\n\n\n\n<figure class=\"wp-block-image size-large is-resized\"><a href=\"https:\/\/dorffest-schwerzenbach.ch\/2023\/wp-content\/uploads\/2023\/05\/PlugnRoll.jpg\"><img decoding=\"async\" loading=\"lazy\" src=\"https:\/\/dorffest-schwerzenbach.ch\/2023\/wp-content\/uploads\/2023\/05\/PlugnRoll-1024x385.jpg\" alt=\"\" class=\"wp-image-1422\" width=\"342\" height=\"128\" srcset=\"https:\/\/dorffest-schwerzenbach.ch\/2023\/wp-content\/uploads\/2023\/05\/PlugnRoll-1024x385.jpg 1024w, https:\/\/dorffest-schwerzenbach.ch\/2023\/wp-content\/uploads\/2023\/05\/PlugnRoll-300x113.jpg 300w, https:\/\/dorffest-schwerzenbach.ch\/2023\/wp-content\/uploads\/2023\/05\/PlugnRoll-768x289.jpg 768w, https:\/\/dorffest-schwerzenbach.ch\/2023\/wp-content\/uploads\/2023\/05\/PlugnRoll.jpg 1175w\" sizes=\"(max-width: 342px) 100vw, 342px\" \/><\/a><\/figure>\n\n\n\n<p>&#8212;<br><\/p>\n\n\n\n<figure class=\"wp-block-image size-full is-resized\"><a href=\"https:\/\/dorffest-schwerzenbach.ch\/2023\/wp-content\/uploads\/2023\/06\/OBI.jpg\"><img decoding=\"async\" loading=\"lazy\" src=\"https:\/\/dorffest-schwerzenbach.ch\/2023\/wp-content\/uploads\/2023\/06\/OBI.jpg\" alt=\"\" class=\"wp-image-1553\" width=\"347\" height=\"97\"\/><\/a><\/figure>\n\n\n\n<p>OBI Markt Volketswil<br>Industriestr. 20<br>8604&nbsp;Volketswil<br>&#8212;<\/p>\n\n\n\n<p><br><\/p>\n\n\n\n<figure class=\"wp-block-image size-full\"><a href=\"https:\/\/dorffest-schwerzenbach.ch\/2023\/wp-content\/uploads\/2022\/11\/tectus.jpg\"><img decoding=\"async\" loading=\"lazy\" width=\"220\" height=\"158\" src=\"https:\/\/dorffest-schwerzenbach.ch\/2023\/wp-content\/uploads\/2022\/11\/tectus.jpg\" alt=\"\" class=\"wp-image-1035\"\/><\/a><\/figure>\n\n\n\n<p>tectus goup<br>GEHAG Real Estate AG<br>Ringstrasse 2<br>8603 Schwerzenbach<br>&#8212;<\/p>\n\n\n\n<figure class=\"wp-block-image size-full is-resized\"><a href=\"https:\/\/dorffest-schwerzenbach.ch\/2023\/wp-content\/uploads\/2022\/10\/Nyfeler-e1666689788343.jpg\"><img decoding=\"async\" loading=\"lazy\" src=\"https:\/\/dorffest-schwerzenbach.ch\/2023\/wp-content\/uploads\/2022\/10\/Nyfeler-e1666689788343.jpg\" alt=\"\" class=\"wp-image-980\" width=\"335\" height=\"156\"\/><\/a><\/figure>\n\n\n\n<p>Nyfeler Sanit\u00e4re Anlagen AG<br>Hermikonerstrasse 17<br>8603 Schwerzenbach<br>&#8212; <\/p>\n\n\n\n<figure class=\"wp-block-image size-full is-resized\"><a href=\"https:\/\/dorffest-schwerzenbach.ch\/2023\/wp-content\/uploads\/2023\/03\/Imhof_Bio.jpg\"><img decoding=\"async\" loading=\"lazy\" src=\"https:\/\/dorffest-schwerzenbach.ch\/2023\/wp-content\/uploads\/2023\/03\/Imhof_Bio.jpg\" alt=\"\" class=\"wp-image-1185\" width=\"340\" height=\"155\" srcset=\"https:\/\/dorffest-schwerzenbach.ch\/2023\/wp-content\/uploads\/2023\/03\/Imhof_Bio.jpg 692w, https:\/\/dorffest-schwerzenbach.ch\/2023\/wp-content\/uploads\/2023\/03\/Imhof_Bio-300x137.jpg 300w\" sizes=\"(max-width: 340px) 100vw, 340px\" \/><\/a><\/figure>\n\n\n\n<p>Imhofbio AG<br>Eichhof<br>8603 Schwerzenbach<br>&#8212;<\/p>\n\n\n\n<figure class=\"wp-block-image size-full is-resized\"><a href=\"https:\/\/dorffest-schwerzenbach.ch\/2023\/wp-content\/uploads\/2023\/02\/KanalPower.jpg\"><img decoding=\"async\" loading=\"lazy\" src=\"https:\/\/dorffest-schwerzenbach.ch\/2023\/wp-content\/uploads\/2023\/02\/KanalPower.jpg\" alt=\"\" class=\"wp-image-1156\" width=\"321\" height=\"133\"\/><\/a><\/figure>\n\n\n\n<p>KanalPower GmbH<br>Obsthaldenstrasse 96<br>8046 Z\u00fcrich<br><\/p>\n\n\n\n<h3 class=\"wp-block-heading has-cyan-bluish-gray-background-color has-background\"><strong>Hecht<\/strong>:<br>CHF 1&#8217;000<\/h3>\n\n\n\n<figure class=\"wp-block-image size-full\"><a href=\"https:\/\/dorffest-schwerzenbach.ch\/2023\/wp-content\/uploads\/2023\/01\/BBZ.jpg\"><img decoding=\"async\" loading=\"lazy\" width=\"324\" height=\"98\" src=\"https:\/\/dorffest-schwerzenbach.ch\/2023\/wp-content\/uploads\/2023\/01\/BBZ.jpg\" alt=\"\" class=\"wp-image-1113\" srcset=\"https:\/\/dorffest-schwerzenbach.ch\/2023\/wp-content\/uploads\/2023\/01\/BBZ.jpg 324w, https:\/\/dorffest-schwerzenbach.ch\/2023\/wp-content\/uploads\/2023\/01\/BBZ-300x91.jpg 300w\" sizes=\"(max-width: 324px) 100vw, 324px\" \/><\/a><\/figure>\n\n\n\n<p>Baugenossenschaft Brunnenhof Z\u00fcrich<br>K\u00fcnzlistrasse 54, 8057 Z\u00fcrich<br>Widumstrasse 9, 8603 Schwerzenbach<\/p>\n\n\n\n<p>&#8212;<br><\/p>\n\n\n\n<figure class=\"wp-block-image size-full is-resized\"><a href=\"https:\/\/dorffest-schwerzenbach.ch\/2023\/wp-content\/uploads\/2022\/11\/Globe_neutral.jpg\"><img decoding=\"async\" loading=\"lazy\" src=\"https:\/\/dorffest-schwerzenbach.ch\/2023\/wp-content\/uploads\/2022\/11\/Globe_neutral.jpg\" alt=\"\" class=\"wp-image-1092\" width=\"303\" height=\"90\" srcset=\"https:\/\/dorffest-schwerzenbach.ch\/2023\/wp-content\/uploads\/2022\/11\/Globe_neutral.jpg 399w, https:\/\/dorffest-schwerzenbach.ch\/2023\/wp-content\/uploads\/2022\/11\/Globe_neutral-300x89.jpg 300w\" sizes=\"(max-width: 303px) 100vw, 303px\" \/><\/a><\/figure>\n\n\n\n<p><\/p>\n\n\n\n<p>Club Globe<br>Ifangstrasse 2<br>8603 Schwerzenbach<\/p>\n\n\n\n<p>&#8212;<\/p>\n\n\n\n<figure class=\"wp-block-image size-full is-resized\"><a href=\"https:\/\/dorffest-schwerzenbach.ch\/2023\/wp-content\/uploads\/2022\/11\/hoerberatung_hug.jpg\"><img decoding=\"async\" loading=\"lazy\" src=\"https:\/\/dorffest-schwerzenbach.ch\/2023\/wp-content\/uploads\/2022\/11\/hoerberatung_hug.jpg\" alt=\"\" class=\"wp-image-1037\" width=\"301\" height=\"56\" srcset=\"https:\/\/dorffest-schwerzenbach.ch\/2023\/wp-content\/uploads\/2022\/11\/hoerberatung_hug.jpg 363w, https:\/\/dorffest-schwerzenbach.ch\/2023\/wp-content\/uploads\/2022\/11\/hoerberatung_hug-300x56.jpg 300w\" sizes=\"(max-width: 301px) 100vw, 301px\" \/><\/a><\/figure>\n\n\n\n<p>H\u00f6rberatung Hug GmbH<br>Im Chimlim\u00e4rt<br>8603 Schwerzenbach<\/p>\n\n\n\n<p>&#8212;<br><\/p>\n\n\n\n<figure class=\"wp-block-image size-full is-resized\"><a href=\"https:\/\/dorffest-schwerzenbach.ch\/2023\/wp-content\/uploads\/2022\/11\/barcol.jpg\"><img decoding=\"async\" loading=\"lazy\" src=\"https:\/\/dorffest-schwerzenbach.ch\/2023\/wp-content\/uploads\/2022\/11\/barcol.jpg\" alt=\"\" class=\"wp-image-1038\" width=\"299\" height=\"65\" srcset=\"https:\/\/dorffest-schwerzenbach.ch\/2023\/wp-content\/uploads\/2022\/11\/barcol.jpg 542w, https:\/\/dorffest-schwerzenbach.ch\/2023\/wp-content\/uploads\/2022\/11\/barcol-300x65.jpg 300w\" sizes=\"(max-width: 299px) 100vw, 299px\" \/><\/a><\/figure>\n\n\n\n<p>Barcol-Air Group AG<br>Wiesenstrasse 5<br>8603 Schwerzenbach<\/p>\n\n\n\n<p>&#8212;<\/p>\n\n\n\n<figure class=\"wp-block-image size-full is-resized\"><a href=\"https:\/\/dorffest-schwerzenbach.ch\/2023\/wp-content\/uploads\/2022\/11\/EKZ-eltop.jpg\"><img decoding=\"async\" loading=\"lazy\" src=\"https:\/\/dorffest-schwerzenbach.ch\/2023\/wp-content\/uploads\/2022\/11\/EKZ-eltop.jpg\" alt=\"\" class=\"wp-image-1039\" width=\"299\" height=\"125\"\/><\/a><\/figure>\n\n\n\n<p>EKZ Eltop AG<br>Bahnstrasse 3<br>8603 Schwerzenbach<\/p>\n\n\n\n<p>&#8212;-<\/p>\n\n\n\n<figure class=\"wp-block-image size-full is-resized\"><a href=\"https:\/\/dorffest-schwerzenbach.ch\/2023\/wp-content\/uploads\/2022\/11\/Denner.jpg\"><img decoding=\"async\" loading=\"lazy\" src=\"https:\/\/dorffest-schwerzenbach.ch\/2023\/wp-content\/uploads\/2022\/11\/Denner.jpg\" alt=\"\" class=\"wp-image-1102\" width=\"304\" height=\"71\"\/><\/a><\/figure>\n\n\n\n<p>Denner Satellit Schwerzenbach<br>Bahnstrasse 16<br>8603 Schwerzenbach<br>&#8212;<br><\/p>\n\n\n\n<figure class=\"wp-block-image size-full is-resized\"><a href=\"https:\/\/dorffest-schwerzenbach.ch\/2023\/wp-content\/uploads\/2023\/04\/Salzgarten.jpg\"><img decoding=\"async\" loading=\"lazy\" src=\"https:\/\/dorffest-schwerzenbach.ch\/2023\/wp-content\/uploads\/2023\/04\/Salzgarten.jpg\" alt=\"\" class=\"wp-image-1201\" width=\"298\" height=\"209\" srcset=\"https:\/\/dorffest-schwerzenbach.ch\/2023\/wp-content\/uploads\/2023\/04\/Salzgarten.jpg 478w, https:\/\/dorffest-schwerzenbach.ch\/2023\/wp-content\/uploads\/2023\/04\/Salzgarten-300x210.jpg 300w\" sizes=\"(max-width: 298px) 100vw, 298px\" \/><\/a><\/figure>\n\n\n\n<p>salzgarten.ch<br>Sonnenbergstrasse 74<br>8603 Schwerzenbach<\/p>\n\n\n\n<h3 class=\"wp-block-heading has-cyan-bluish-gray-background-color has-background\"><strong>Forelle<\/strong>:<br>CHF 500<\/h3>\n\n\n\n<p><\/p>\n\n\n\n<figure class=\"wp-block-image size-full is-resized\"><a href=\"https:\/\/dorffest-schwerzenbach.ch\/2023\/wp-content\/uploads\/2023\/04\/Ref_Kirche-1.jpg\"><img decoding=\"async\" loading=\"lazy\" src=\"https:\/\/dorffest-schwerzenbach.ch\/2023\/wp-content\/uploads\/2023\/04\/Ref_Kirche-1.jpg\" alt=\"\" class=\"wp-image-1294\" width=\"273\" height=\"80\" srcset=\"https:\/\/dorffest-schwerzenbach.ch\/2023\/wp-content\/uploads\/2023\/04\/Ref_Kirche-1.jpg 535w, https:\/\/dorffest-schwerzenbach.ch\/2023\/wp-content\/uploads\/2023\/04\/Ref_Kirche-1-300x87.jpg 300w\" sizes=\"(max-width: 273px) 100vw, 273px\" \/><\/a><\/figure>\n\n\n\n<p>Reformierte Kirche D\u00fcbendorf &#8211; Schwerzenbach<br>Bahnhofstr. 37<br>8600 D\u00fcbendorf<\/p>\n\n\n\n<p>&#8212;<\/p>\n\n\n\n<figure class=\"wp-block-image size-full is-resized\"><a href=\"https:\/\/dorffest-schwerzenbach.ch\/2023\/wp-content\/uploads\/2023\/04\/St.Gabriel-1.jpg\"><img decoding=\"async\" loading=\"lazy\" src=\"https:\/\/dorffest-schwerzenbach.ch\/2023\/wp-content\/uploads\/2023\/04\/St.Gabriel-1.jpg\" alt=\"\" class=\"wp-image-1296\" width=\"289\" height=\"177\" srcset=\"https:\/\/dorffest-schwerzenbach.ch\/2023\/wp-content\/uploads\/2023\/04\/St.Gabriel-1.jpg 776w, https:\/\/dorffest-schwerzenbach.ch\/2023\/wp-content\/uploads\/2023\/04\/St.Gabriel-1-300x184.jpg 300w, https:\/\/dorffest-schwerzenbach.ch\/2023\/wp-content\/uploads\/2023\/04\/St.Gabriel-1-768x472.jpg 768w\" sizes=\"(max-width: 289px) 100vw, 289px\" \/><\/a><\/figure>\n\n\n\n<p><\/p>\n\n\n\n<p>Katholische Kirchgemeinde D\u00fcbendorf\/F\u00e4llanden\/Schwerzenbach<br>Dorfstrasse 9a<br>8603 Schwerzenbach <\/p>\n\n\n\n<p>&#8212;<\/p>\n\n\n\n<figure class=\"wp-block-image size-full is-resized\"><a href=\"https:\/\/dorffest-schwerzenbach.ch\/2023\/wp-content\/uploads\/2022\/11\/Zahnfee.jpg\"><img decoding=\"async\" loading=\"lazy\" src=\"https:\/\/dorffest-schwerzenbach.ch\/2023\/wp-content\/uploads\/2022\/11\/Zahnfee.jpg\" alt=\"\" class=\"wp-image-1032\" width=\"294\" height=\"159\"\/><\/a><\/figure>\n\n\n\n<p>Zahnfee AG<br>Bahnhofstr. 1<br>8603 Schwerzenbach<\/p>\n\n\n\n<p>&#8212;<\/p>\n\n\n\n<figure class=\"wp-block-image size-full is-resized\"><a href=\"https:\/\/dorffest-schwerzenbach.ch\/2023\/wp-content\/uploads\/2022\/11\/TCS.jpg\"><img decoding=\"async\" loading=\"lazy\" src=\"https:\/\/dorffest-schwerzenbach.ch\/2023\/wp-content\/uploads\/2022\/11\/TCS.jpg\" alt=\"\" class=\"wp-image-1033\" width=\"231\" height=\"144\"\/><\/a><\/figure>\n\n\n\n<p>TCS Touring Club Schweiz Sektion Z\u00fcrich<br>Geissb\u00fcelstrasse 24\/26<br>8604 Volketswil<\/p>\n\n\n\n<p>&#8212;<br><\/p>\n\n\n\n<figure class=\"wp-block-image size-full is-resized\"><a href=\"https:\/\/dorffest-schwerzenbach.ch\/2023\/wp-content\/uploads\/2022\/11\/2Rad_shop.jpg\"><img decoding=\"async\" loading=\"lazy\" src=\"https:\/\/dorffest-schwerzenbach.ch\/2023\/wp-content\/uploads\/2022\/11\/2Rad_shop.jpg\" alt=\"\" class=\"wp-image-1034\" width=\"304\" height=\"124\" srcset=\"https:\/\/dorffest-schwerzenbach.ch\/2023\/wp-content\/uploads\/2022\/11\/2Rad_shop.jpg 416w, https:\/\/dorffest-schwerzenbach.ch\/2023\/wp-content\/uploads\/2022\/11\/2Rad_shop-300x123.jpg 300w\" sizes=\"(max-width: 304px) 100vw, 304px\" \/><\/a><\/figure>\n\n\n\n<p>2Rad-Shop GmbH<br>Greifenseestrasse1<br>8603 Schwerzenbach<\/p>\n\n\n\n<p>&#8212;<\/p>\n\n\n\n<figure class=\"wp-block-image size-full is-resized\"><a href=\"https:\/\/dorffest-schwerzenbach.ch\/2023\/wp-content\/uploads\/2023\/01\/tiago.jpg\"><img decoding=\"async\" loading=\"lazy\" src=\"https:\/\/dorffest-schwerzenbach.ch\/2023\/wp-content\/uploads\/2023\/01\/tiago.jpg\" alt=\"\" class=\"wp-image-1118\" width=\"211\" height=\"198\" srcset=\"https:\/\/dorffest-schwerzenbach.ch\/2023\/wp-content\/uploads\/2023\/01\/tiago.jpg 383w, https:\/\/dorffest-schwerzenbach.ch\/2023\/wp-content\/uploads\/2023\/01\/tiago-300x282.jpg 300w\" sizes=\"(max-width: 211px) 100vw, 211px\" \/><\/a><\/figure>\n\n\n\n<p>Swiss BJJ National Federation Team GmbH<br>Forchstrasse 225<br>8032 Z\u00fcrich<\/p>\n\n\n\n<p>&#8212;<\/p>\n\n\n\n<figure class=\"wp-block-image size-full is-resized\"><a href=\"https:\/\/dorffest-schwerzenbach.ch\/2023\/wp-content\/uploads\/2023\/04\/kfc.jpg\"><img decoding=\"async\" loading=\"lazy\" src=\"https:\/\/dorffest-schwerzenbach.ch\/2023\/wp-content\/uploads\/2023\/04\/kfc.jpg\" alt=\"\" class=\"wp-image-1350\" width=\"212\" height=\"211\" srcset=\"https:\/\/dorffest-schwerzenbach.ch\/2023\/wp-content\/uploads\/2023\/04\/kfc.jpg 376w, https:\/\/dorffest-schwerzenbach.ch\/2023\/wp-content\/uploads\/2023\/04\/kfc-300x298.jpg 300w, https:\/\/dorffest-schwerzenbach.ch\/2023\/wp-content\/uploads\/2023\/04\/kfc-150x150.jpg 150w\" sizes=\"(max-width: 212px) 100vw, 212px\" \/><\/a><\/figure>\n\n\n\n<p>KFC VOLKETSWIL<br>JFC Systemgastronomie AG <br>Industriestrasse 16A<br>8604 Volketswil<\/p>\n\n\n\n<p>&#8212;<\/p>\n\n\n\n<figure class=\"wp-block-image size-full\"><a href=\"https:\/\/dorffest-schwerzenbach.ch\/2023\/wp-content\/uploads\/2022\/10\/Petrig.jpg\"><img decoding=\"async\" loading=\"lazy\" width=\"307\" height=\"51\" src=\"https:\/\/dorffest-schwerzenbach.ch\/2023\/wp-content\/uploads\/2022\/10\/Petrig.jpg\" alt=\"\" class=\"wp-image-991\" srcset=\"https:\/\/dorffest-schwerzenbach.ch\/2023\/wp-content\/uploads\/2022\/10\/Petrig.jpg 307w, https:\/\/dorffest-schwerzenbach.ch\/2023\/wp-content\/uploads\/2022\/10\/Petrig-300x50.jpg 300w\" sizes=\"(max-width: 307px) 100vw, 307px\" \/><\/a><\/figure>\n\n\n\n<p>Petrig AG, Sanit\u00e4r \/ Metallbau<br>Z\u00fcrcherstrasse 16<br>8604 Hegnau<\/p>\n\n\n\n<p>&#8212;<br><\/p>\n\n\n\n<figure class=\"wp-block-image size-full is-resized\"><a href=\"https:\/\/dorffest-schwerzenbach.ch\/2023\/wp-content\/uploads\/2022\/10\/Wexxelzone.jpg\"><img decoding=\"async\" src=\"https:\/\/dorffest-schwerzenbach.ch\/2023\/wp-content\/uploads\/2022\/10\/Wexxelzone.jpg\" alt=\"\" class=\"wp-image-995\" width=\"300\" srcset=\"https:\/\/dorffest-schwerzenbach.ch\/2023\/wp-content\/uploads\/2022\/10\/Wexxelzone.jpg 459w, https:\/\/dorffest-schwerzenbach.ch\/2023\/wp-content\/uploads\/2022\/10\/Wexxelzone-300x62.jpg 300w\" sizes=\"(max-width: 459px) 100vw, 459px\" \/><\/a><\/figure>\n\n\n\n<p>Wexxelzone<br>Gfennstrasse 15<br>8603 Schwerzenbach<br><br>&#8212;<\/p>\n\n\n\n<figure class=\"wp-block-image size-full is-resized\"><a href=\"https:\/\/dorffest-schwerzenbach.ch\/2023\/wp-content\/uploads\/2023\/05\/Mobiliar_Raiffeisen.jpg\"><img decoding=\"async\" loading=\"lazy\" src=\"https:\/\/dorffest-schwerzenbach.ch\/2023\/wp-content\/uploads\/2023\/05\/Mobiliar_Raiffeisen.jpg\" alt=\"\" class=\"wp-image-1429\" width=\"342\" height=\"156\" srcset=\"https:\/\/dorffest-schwerzenbach.ch\/2023\/wp-content\/uploads\/2023\/05\/Mobiliar_Raiffeisen.jpg 880w, https:\/\/dorffest-schwerzenbach.ch\/2023\/wp-content\/uploads\/2023\/05\/Mobiliar_Raiffeisen-300x137.jpg 300w, https:\/\/dorffest-schwerzenbach.ch\/2023\/wp-content\/uploads\/2023\/05\/Mobiliar_Raiffeisen-768x352.jpg 768w\" sizes=\"(max-width: 342px) 100vw, 342px\" \/><\/a><\/figure>\n\n\n\n<p>co Sponsoring<br>Raiffeisenbank und Die Mobiliar<br>&#8212; <br><\/p>\n\n\n\n<figure class=\"wp-block-image size-large is-resized\"><a href=\"https:\/\/dorffest-schwerzenbach.ch\/2023\/wp-content\/uploads\/2023\/05\/Lenzlinger2.jpg\"><img decoding=\"async\" loading=\"lazy\" src=\"https:\/\/dorffest-schwerzenbach.ch\/2023\/wp-content\/uploads\/2023\/05\/Lenzlinger2-1024x343.jpg\" alt=\"\" class=\"wp-image-1431\" width=\"334\" height=\"112\" srcset=\"https:\/\/dorffest-schwerzenbach.ch\/2023\/wp-content\/uploads\/2023\/05\/Lenzlinger2-1024x343.jpg 1024w, https:\/\/dorffest-schwerzenbach.ch\/2023\/wp-content\/uploads\/2023\/05\/Lenzlinger2-300x100.jpg 300w, https:\/\/dorffest-schwerzenbach.ch\/2023\/wp-content\/uploads\/2023\/05\/Lenzlinger2-768x257.jpg 768w, https:\/\/dorffest-schwerzenbach.ch\/2023\/wp-content\/uploads\/2023\/05\/Lenzlinger2.jpg 1156w\" sizes=\"(max-width: 334px) 100vw, 334px\" \/><\/a><\/figure>\n\n\n\n<p>Lenzlinger S\u00f6hne AG<br>Zeltvermietung<br>Grossrietstrasse 7<br>8606 N\u00e4nikon<\/p>\n\n\n\n<p>&#8212;<\/p>\n\n\n\n<figure class=\"wp-block-image size-full is-resized\"><a href=\"https:\/\/dorffest-schwerzenbach.ch\/2023\/wp-content\/uploads\/2023\/04\/Schneider.jpg\"><img decoding=\"async\" loading=\"lazy\" src=\"https:\/\/dorffest-schwerzenbach.ch\/2023\/wp-content\/uploads\/2023\/04\/Schneider.jpg\" alt=\"\" class=\"wp-image-1199\" width=\"331\" height=\"123\"\/><\/a><\/figure>\n\n\n\n<p>SCHNEIDER UMWELTSERVICE AG, 8604 Volketswil<br>Gesch\u00e4ftsadresse: Seestrasse 1037, 8706 Meilen<br>&#8212;<\/p>\n\n\n\n<figure class=\"wp-block-image size-full is-resized\"><a href=\"https:\/\/dorffest-schwerzenbach.ch\/2023\/wp-content\/uploads\/2023\/05\/gga.jpg\"><img decoding=\"async\" loading=\"lazy\" src=\"https:\/\/dorffest-schwerzenbach.ch\/2023\/wp-content\/uploads\/2023\/05\/gga.jpg\" alt=\"\" class=\"wp-image-1366\" width=\"373\" height=\"124\" srcset=\"https:\/\/dorffest-schwerzenbach.ch\/2023\/wp-content\/uploads\/2023\/05\/gga.jpg 441w, https:\/\/dorffest-schwerzenbach.ch\/2023\/wp-content\/uploads\/2023\/05\/gga-300x99.jpg 300w\" sizes=\"(max-width: 373px) 100vw, 373px\" \/><\/a><\/figure>\n\n\n\n<p>Genossenschaft GGA Maur<br>Binzstr. 1<br>8122 Binz<br>&#8212;<\/p>\n\n\n\n<figure class=\"wp-block-image size-full is-resized\"><a href=\"https:\/\/dorffest-schwerzenbach.ch\/2023\/wp-content\/uploads\/2023\/06\/HSG-2.jpg\"><img decoding=\"async\" loading=\"lazy\" src=\"https:\/\/dorffest-schwerzenbach.ch\/2023\/wp-content\/uploads\/2023\/06\/HSG-2.jpg\" alt=\"\" class=\"wp-image-1557\" width=\"238\" height=\"237\" srcset=\"https:\/\/dorffest-schwerzenbach.ch\/2023\/wp-content\/uploads\/2023\/06\/HSG-2.jpg 567w, https:\/\/dorffest-schwerzenbach.ch\/2023\/wp-content\/uploads\/2023\/06\/HSG-2-300x298.jpg 300w, https:\/\/dorffest-schwerzenbach.ch\/2023\/wp-content\/uploads\/2023\/06\/HSG-2-150x150.jpg 150w\" sizes=\"(max-width: 238px) 100vw, 238px\" \/><\/a><\/figure>\n\n\n\n<p>Helvetia Strategies Group GmbH <br>Maurstrase 52 <br>8117 F\u00e4llanden<br>&#8212;<\/p>\n\n\n\n<figure class=\"wp-block-image size-full\"><a href=\"https:\/\/dorffest-schwerzenbach.ch\/2023\/wp-content\/uploads\/2023\/06\/NatuerlichBunt.jpg\"><img decoding=\"async\" loading=\"lazy\" width=\"356\" height=\"96\" src=\"https:\/\/dorffest-schwerzenbach.ch\/2023\/wp-content\/uploads\/2023\/06\/NatuerlichBunt.jpg\" alt=\"\" class=\"wp-image-1558\"\/><\/a><\/figure>\n\n\n\n<p>nat\u00fcrlich bunt<br>Zimikerried 4<br>8603 Schwerzenbach<br>&#8212;<\/p>\n\n\n\n<p><\/p>\n\n\n\n<figure class=\"wp-block-image size-full is-resized\"><a href=\"https:\/\/dorffest-schwerzenbach.ch\/2023\/wp-content\/uploads\/2023\/05\/RW_Bau.jpg\"><img decoding=\"async\" loading=\"lazy\" src=\"https:\/\/dorffest-schwerzenbach.ch\/2023\/wp-content\/uploads\/2023\/05\/RW_Bau.jpg\" alt=\"\" class=\"wp-image-1446\" width=\"336\" height=\"129\" srcset=\"https:\/\/dorffest-schwerzenbach.ch\/2023\/wp-content\/uploads\/2023\/05\/RW_Bau.jpg 772w, https:\/\/dorffest-schwerzenbach.ch\/2023\/wp-content\/uploads\/2023\/05\/RW_Bau-300x115.jpg 300w, https:\/\/dorffest-schwerzenbach.ch\/2023\/wp-content\/uploads\/2023\/05\/RW_Bau-768x294.jpg 768w\" sizes=\"(max-width: 336px) 100vw, 336px\" \/><\/a><\/figure>\n\n\n\n<h3 class=\"wp-block-heading has-cyan-bluish-gray-background-color has-background\"><strong>Egli<\/strong>:<br>CHF 200<\/h3>\n\n\n\n<p><br><\/p>\n\n\n\n<figure class=\"wp-block-image size-full is-resized\"><a href=\"https:\/\/dorffest-schwerzenbach.ch\/2023\/wp-content\/uploads\/2022\/11\/ait.jpg\"><img decoding=\"async\" loading=\"lazy\" src=\"https:\/\/dorffest-schwerzenbach.ch\/2023\/wp-content\/uploads\/2022\/11\/ait.jpg\" alt=\"\" class=\"wp-image-1041\" width=\"305\" height=\"115\" srcset=\"https:\/\/dorffest-schwerzenbach.ch\/2023\/wp-content\/uploads\/2022\/11\/ait.jpg 318w, https:\/\/dorffest-schwerzenbach.ch\/2023\/wp-content\/uploads\/2022\/11\/ait-300x113.jpg 300w\" sizes=\"(max-width: 305px) 100vw, 305px\" \/><\/a><\/figure>\n\n\n\n<p>AIT Geb\u00e4udetechnik<br>Schuepisstrasse 18<br>8603 Schwerzenbach<\/p>\n\n\n\n<p>&#8212;<\/p>\n\n\n\n<figure class=\"wp-block-image size-full is-resized\"><a href=\"https:\/\/dorffest-schwerzenbach.ch\/2023\/wp-content\/uploads\/2022\/11\/brauch.jpg\"><img decoding=\"async\" loading=\"lazy\" src=\"https:\/\/dorffest-schwerzenbach.ch\/2023\/wp-content\/uploads\/2022\/11\/brauch.jpg\" alt=\"\" class=\"wp-image-1063\" width=\"304\" height=\"150\" srcset=\"https:\/\/dorffest-schwerzenbach.ch\/2023\/wp-content\/uploads\/2022\/11\/brauch.jpg 547w, https:\/\/dorffest-schwerzenbach.ch\/2023\/wp-content\/uploads\/2022\/11\/brauch-300x148.jpg 300w\" sizes=\"(max-width: 304px) 100vw, 304px\" \/><\/a><\/figure>\n\n\n\n<p>Brauch Zimmerei Schrinerei<br>Z\u00fcrcherstrasse 22<br>8604 Volketswil<\/p>\n\n\n\n<p>&#8212;<\/p>\n\n\n\n<figure class=\"wp-block-image size-full is-resized\"><a href=\"https:\/\/dorffest-schwerzenbach.ch\/2023\/wp-content\/uploads\/2023\/05\/Meili_Sanitaer2.jpg\"><img decoding=\"async\" loading=\"lazy\" src=\"https:\/\/dorffest-schwerzenbach.ch\/2023\/wp-content\/uploads\/2023\/05\/Meili_Sanitaer2.jpg\" alt=\"\" class=\"wp-image-1380\" width=\"307\" height=\"130\" srcset=\"https:\/\/dorffest-schwerzenbach.ch\/2023\/wp-content\/uploads\/2023\/05\/Meili_Sanitaer2.jpg 866w, https:\/\/dorffest-schwerzenbach.ch\/2023\/wp-content\/uploads\/2023\/05\/Meili_Sanitaer2-300x126.jpg 300w, https:\/\/dorffest-schwerzenbach.ch\/2023\/wp-content\/uploads\/2023\/05\/Meili_Sanitaer2-768x324.jpg 768w\" sizes=\"(max-width: 307px) 100vw, 307px\" \/><\/a><\/figure>\n\n\n\n<p><\/p>\n\n\n\n<p>Roland Meili GmbH<br>Am Chimlibach 23<br>8603 Schwerzenbach<\/p>\n\n\n\n<p>&#8212;<br><\/p>\n\n\n\n<figure class=\"wp-block-image size-full is-resized\"><a href=\"https:\/\/dorffest-schwerzenbach.ch\/2023\/wp-content\/uploads\/2022\/11\/MMB_Maler.jpg\"><img decoding=\"async\" loading=\"lazy\" src=\"https:\/\/dorffest-schwerzenbach.ch\/2023\/wp-content\/uploads\/2022\/11\/MMB_Maler.jpg\" alt=\"\" class=\"wp-image-1042\" width=\"302\" height=\"167\" srcset=\"https:\/\/dorffest-schwerzenbach.ch\/2023\/wp-content\/uploads\/2022\/11\/MMB_Maler.jpg 349w, https:\/\/dorffest-schwerzenbach.ch\/2023\/wp-content\/uploads\/2022\/11\/MMB_Maler-300x166.jpg 300w\" sizes=\"(max-width: 302px) 100vw, 302px\" \/><\/a><\/figure>\n\n\n\n<p>MMB GmbH Malergesch\u00e4ft<br>K\u00e4ferholzstrasse<br>8057 Z\u00fcrich<\/p>\n\n\n\n<p>&#8212;<\/p>\n\n\n\n<figure class=\"wp-block-image size-full is-resized\"><a href=\"https:\/\/dorffest-schwerzenbach.ch\/2023\/wp-content\/uploads\/2022\/11\/Scheiwiller.jpg\"><img decoding=\"async\" loading=\"lazy\" src=\"https:\/\/dorffest-schwerzenbach.ch\/2023\/wp-content\/uploads\/2022\/11\/Scheiwiller.jpg\" alt=\"\" class=\"wp-image-1043\" width=\"306\" height=\"150\" srcset=\"https:\/\/dorffest-schwerzenbach.ch\/2023\/wp-content\/uploads\/2022\/11\/Scheiwiller.jpg 423w, https:\/\/dorffest-schwerzenbach.ch\/2023\/wp-content\/uploads\/2022\/11\/Scheiwiller-300x148.jpg 300w\" sizes=\"(max-width: 306px) 100vw, 306px\" \/><\/a><\/figure>\n\n\n\n<p>Scheiwiller Baukeramik GmbH<br>Gferchstrasse 9a<br>8603 Schwerzenbach<\/p>\n\n\n\n<p>&#8212;<\/p>\n\n\n\n<figure class=\"wp-block-image size-full is-resized\"><a href=\"https:\/\/dorffest-schwerzenbach.ch\/2023\/wp-content\/uploads\/2022\/11\/leimgruber.jpg\"><img decoding=\"async\" loading=\"lazy\" src=\"https:\/\/dorffest-schwerzenbach.ch\/2023\/wp-content\/uploads\/2022\/11\/leimgruber.jpg\" alt=\"\" class=\"wp-image-1044\" width=\"302\" height=\"71\" srcset=\"https:\/\/dorffest-schwerzenbach.ch\/2023\/wp-content\/uploads\/2022\/11\/leimgruber.jpg 601w, https:\/\/dorffest-schwerzenbach.ch\/2023\/wp-content\/uploads\/2022\/11\/leimgruber-300x70.jpg 300w\" sizes=\"(max-width: 302px) 100vw, 302px\" \/><\/a><\/figure>\n\n\n\n<p>Leimgruber Architekten AG<br>Bahnstrasse 8<br>8603 Schwerzenbach<\/p>\n\n\n\n<p>&#8212;<\/p>\n\n\n\n<figure class=\"wp-block-image size-full is-resized\"><a href=\"https:\/\/dorffest-schwerzenbach.ch\/2023\/wp-content\/uploads\/2022\/11\/intrum.jpg\"><img decoding=\"async\" loading=\"lazy\" src=\"https:\/\/dorffest-schwerzenbach.ch\/2023\/wp-content\/uploads\/2022\/11\/intrum.jpg\" alt=\"\" class=\"wp-image-1045\" width=\"298\" height=\"91\"\/><\/a><\/figure>\n\n\n\n<p>Intrum AG<br>Eschenstrasse 12<br>8603 Schwerzenbach<\/p>\n\n\n\n<p>&#8212;<\/p>\n\n\n\n<figure class=\"wp-block-image size-full is-resized\"><a href=\"https:\/\/dorffest-schwerzenbach.ch\/2023\/wp-content\/uploads\/2022\/11\/eppler.jpg\"><img decoding=\"async\" loading=\"lazy\" src=\"https:\/\/dorffest-schwerzenbach.ch\/2023\/wp-content\/uploads\/2022\/11\/eppler.jpg\" alt=\"\" class=\"wp-image-1046\" width=\"303\" height=\"77\" srcset=\"https:\/\/dorffest-schwerzenbach.ch\/2023\/wp-content\/uploads\/2022\/11\/eppler.jpg 351w, https:\/\/dorffest-schwerzenbach.ch\/2023\/wp-content\/uploads\/2022\/11\/eppler-300x76.jpg 300w\" sizes=\"(max-width: 303px) 100vw, 303px\" \/><\/a><\/figure>\n\n\n\n<p>Eppler Treuhand<br>Strehlgasse 11<br>8600 D\u00fcbendorf<\/p>\n\n\n\n<p>&#8212;<br><\/p>\n\n\n\n<figure class=\"wp-block-image size-large is-resized\"><a href=\"https:\/\/dorffest-schwerzenbach.ch\/2023\/wp-content\/uploads\/2023\/04\/FuerstZuend.jpg\"><img decoding=\"async\" loading=\"lazy\" src=\"https:\/\/dorffest-schwerzenbach.ch\/2023\/wp-content\/uploads\/2023\/04\/FuerstZuend-1024x452.jpg\" alt=\"\" class=\"wp-image-1301\" width=\"336\" height=\"148\" srcset=\"https:\/\/dorffest-schwerzenbach.ch\/2023\/wp-content\/uploads\/2023\/04\/FuerstZuend-1024x452.jpg 1024w, https:\/\/dorffest-schwerzenbach.ch\/2023\/wp-content\/uploads\/2023\/04\/FuerstZuend-300x132.jpg 300w, https:\/\/dorffest-schwerzenbach.ch\/2023\/wp-content\/uploads\/2023\/04\/FuerstZuend-768x339.jpg 768w, https:\/\/dorffest-schwerzenbach.ch\/2023\/wp-content\/uploads\/2023\/04\/FuerstZuend.jpg 1158w\" sizes=\"(max-width: 336px) 100vw, 336px\" \/><\/a><\/figure>\n\n\n\n<p>F\u00fcrst + Z\u00fcnd Elektro AG<br>Geissb\u00fchlstrasse 18<br>8604 Volketswil<\/p>\n\n\n\n<p>&#8212;<br><\/p>\n\n\n\n<figure class=\"wp-block-image size-large is-resized\"><a href=\"https:\/\/dorffest-schwerzenbach.ch\/2023\/wp-content\/uploads\/2023\/05\/Wildhaber.jpg\"><img decoding=\"async\" loading=\"lazy\" src=\"https:\/\/dorffest-schwerzenbach.ch\/2023\/wp-content\/uploads\/2023\/05\/Wildhaber-1024x107.jpg\" alt=\"\" class=\"wp-image-1400\" width=\"343\" height=\"35\" srcset=\"https:\/\/dorffest-schwerzenbach.ch\/2023\/wp-content\/uploads\/2023\/05\/Wildhaber-1024x107.jpg 1024w, https:\/\/dorffest-schwerzenbach.ch\/2023\/wp-content\/uploads\/2023\/05\/Wildhaber-300x31.jpg 300w, https:\/\/dorffest-schwerzenbach.ch\/2023\/wp-content\/uploads\/2023\/05\/Wildhaber-768x80.jpg 768w, https:\/\/dorffest-schwerzenbach.ch\/2023\/wp-content\/uploads\/2023\/05\/Wildhaber.jpg 1179w\" sizes=\"(max-width: 343px) 100vw, 343px\" \/><\/a><\/figure>\n\n\n\n<p>Wildhaber Consulting <br>Information Security &amp; Governance<br>Sonnenbergstrasse 74<br>8603 Schwerzenbach<br>&#8212;<\/p>\n\n\n\n<figure class=\"wp-block-image size-full is-resized\"><a href=\"https:\/\/dorffest-schwerzenbach.ch\/2023\/wp-content\/uploads\/2022\/10\/ZKB-e1666689995140.jpg\"><img decoding=\"async\" loading=\"lazy\" src=\"https:\/\/dorffest-schwerzenbach.ch\/2023\/wp-content\/uploads\/2022\/10\/ZKB-e1666689995140.jpg\" alt=\"\" class=\"wp-image-977\" width=\"301\" height=\"75\"\/><\/a><\/figure>\n\n\n\n<p>Z\u00fcrcher Kantonalbank<br>Zentralstrasse 19<br>8604 Volketswil<\/p>\n\n\n\n<p>&#8212;<\/p>\n\n\n\n<figure class=\"wp-block-image size-large is-resized\"><a href=\"https:\/\/dorffest-schwerzenbach.ch\/2023\/wp-content\/uploads\/2022\/10\/shiatsu_lotusbluete_final-scaled-e1666689970402.jpg\"><img decoding=\"async\" src=\"https:\/\/dorffest-schwerzenbach.ch\/2023\/wp-content\/uploads\/2022\/10\/shiatsu_lotusbluete_final-1024x1024.jpg\" alt=\"\" class=\"wp-image-981\" width=\"200\"\/><\/a><\/figure>\n\n\n\n<p>Shiatsu-Praxis Sonnenberg<br>Sonnenbergstrasse 41<br>8603 Schwerzenbach<\/p>\n\n\n\n<p>&#8212;<\/p>\n\n\n\n<figure class=\"wp-block-image size-full is-resized\"><a href=\"https:\/\/dorffest-schwerzenbach.ch\/2023\/wp-content\/uploads\/2022\/11\/Halter-AG.jpg\"><img decoding=\"async\" loading=\"lazy\" src=\"https:\/\/dorffest-schwerzenbach.ch\/2023\/wp-content\/uploads\/2022\/11\/Halter-AG.jpg\" alt=\"\" class=\"wp-image-1104\" width=\"303\" height=\"100\" srcset=\"https:\/\/dorffest-schwerzenbach.ch\/2023\/wp-content\/uploads\/2022\/11\/Halter-AG.jpg 389w, https:\/\/dorffest-schwerzenbach.ch\/2023\/wp-content\/uploads\/2022\/11\/Halter-AG-300x99.jpg 300w\" sizes=\"(max-width: 303px) 100vw, 303px\" \/><\/a><\/figure>\n\n\n\n<p>Halter AG, Sanit\u00e4r<br>alte Landstrasse 12<br>8600 D\u00fcbendorf<br><br>&#8212;<\/p>\n\n\n\n<figure class=\"wp-block-image size-full is-resized\"><a href=\"https:\/\/dorffest-schwerzenbach.ch\/2023\/wp-content\/uploads\/2023\/02\/Merlin.jpg\"><img decoding=\"async\" loading=\"lazy\" src=\"https:\/\/dorffest-schwerzenbach.ch\/2023\/wp-content\/uploads\/2023\/02\/Merlin.jpg\" alt=\"\" class=\"wp-image-1145\" width=\"303\" height=\"55\" srcset=\"https:\/\/dorffest-schwerzenbach.ch\/2023\/wp-content\/uploads\/2023\/02\/Merlin.jpg 527w, https:\/\/dorffest-schwerzenbach.ch\/2023\/wp-content\/uploads\/2023\/02\/Merlin-300x54.jpg 300w\" sizes=\"(max-width: 303px) 100vw, 303px\" \/><\/a><\/figure>\n\n\n\n<p>Merlin G\u00e4rten<br>Rumlikerstrasse 30<br>8320 Fehraltorf<br>&#8212;<\/p>\n\n\n\n<figure class=\"wp-block-image size-full is-resized\"><a href=\"https:\/\/dorffest-schwerzenbach.ch\/2023\/wp-content\/uploads\/2023\/02\/Borra.jpg\"><img decoding=\"async\" loading=\"lazy\" src=\"https:\/\/dorffest-schwerzenbach.ch\/2023\/wp-content\/uploads\/2023\/02\/Borra.jpg\" alt=\"\" class=\"wp-image-1151\" width=\"302\" height=\"192\" srcset=\"https:\/\/dorffest-schwerzenbach.ch\/2023\/wp-content\/uploads\/2023\/02\/Borra.jpg 477w, https:\/\/dorffest-schwerzenbach.ch\/2023\/wp-content\/uploads\/2023\/02\/Borra-300x192.jpg 300w\" sizes=\"(max-width: 302px) 100vw, 302px\" \/><\/a><\/figure>\n\n\n\n<p>Gian Borra G\u00e4rten GmbH<br>Bahnhofstr. 10<br>8603 Schwerzenbach<br>&#8212;<\/p>\n\n\n\n<figure class=\"wp-block-image size-full is-resized\"><a href=\"https:\/\/dorffest-schwerzenbach.ch\/2023\/wp-content\/uploads\/2023\/03\/Maler-Roemer.png\"><img decoding=\"async\" loading=\"lazy\" src=\"https:\/\/dorffest-schwerzenbach.ch\/2023\/wp-content\/uploads\/2023\/03\/Maler-Roemer.png\" alt=\"\" class=\"wp-image-1166\" width=\"310\" height=\"79\" srcset=\"https:\/\/dorffest-schwerzenbach.ch\/2023\/wp-content\/uploads\/2023\/03\/Maler-Roemer.png 447w, https:\/\/dorffest-schwerzenbach.ch\/2023\/wp-content\/uploads\/2023\/03\/Maler-Roemer-300x77.png 300w\" sizes=\"(max-width: 310px) 100vw, 310px\" \/><\/a><\/figure>\n\n\n\n<p>Maler R\u00f6mer <br>Schossackerstr. 54<br>8603 Schwerzenbach<br>&#8212;<\/p>\n\n\n\n<figure class=\"wp-block-image size-full is-resized\"><a href=\"https:\/\/dorffest-schwerzenbach.ch\/2023\/wp-content\/uploads\/2023\/04\/ImhofFlora-1.jpg\"><img decoding=\"async\" loading=\"lazy\" src=\"https:\/\/dorffest-schwerzenbach.ch\/2023\/wp-content\/uploads\/2023\/04\/ImhofFlora-1.jpg\" alt=\"\" class=\"wp-image-1298\" width=\"212\" height=\"243\" srcset=\"https:\/\/dorffest-schwerzenbach.ch\/2023\/wp-content\/uploads\/2023\/04\/ImhofFlora-1.jpg 412w, https:\/\/dorffest-schwerzenbach.ch\/2023\/wp-content\/uploads\/2023\/04\/ImhofFlora-1-262x300.jpg 262w\" sizes=\"(max-width: 212px) 100vw, 212px\" \/><\/a><\/figure>\n\n\n\n<p>Imhof Flora AG<br>Eichhof<br>8603 Schwerzenbach<br>&#8212;<\/p>\n\n\n\n<figure class=\"wp-block-image size-full is-resized\"><a href=\"https:\/\/dorffest-schwerzenbach.ch\/2023\/wp-content\/uploads\/2023\/04\/AXA.jpg\"><img decoding=\"async\" loading=\"lazy\" src=\"https:\/\/dorffest-schwerzenbach.ch\/2023\/wp-content\/uploads\/2023\/04\/AXA.jpg\" alt=\"\" class=\"wp-image-1191\" width=\"210\" height=\"209\" srcset=\"https:\/\/dorffest-schwerzenbach.ch\/2023\/wp-content\/uploads\/2023\/04\/AXA.jpg 423w, https:\/\/dorffest-schwerzenbach.ch\/2023\/wp-content\/uploads\/2023\/04\/AXA-300x300.jpg 300w, https:\/\/dorffest-schwerzenbach.ch\/2023\/wp-content\/uploads\/2023\/04\/AXA-150x150.jpg 150w\" sizes=\"(max-width: 210px) 100vw, 210px\" \/><\/a><\/figure>\n\n\n\n<p>AXA Winterthur, Hauptagentur<br>Bahnstrasse 18<br>8603 Schwerzenbach<br>&#8212;-<\/p>\n\n\n\n<figure class=\"wp-block-image size-full is-resized\"><a href=\"https:\/\/dorffest-schwerzenbach.ch\/2023\/wp-content\/uploads\/2023\/05\/Steiner.jpg\"><img decoding=\"async\" loading=\"lazy\" src=\"https:\/\/dorffest-schwerzenbach.ch\/2023\/wp-content\/uploads\/2023\/05\/Steiner.jpg\" alt=\"\" class=\"wp-image-1395\" width=\"303\" height=\"125\" srcset=\"https:\/\/dorffest-schwerzenbach.ch\/2023\/wp-content\/uploads\/2023\/05\/Steiner.jpg 645w, https:\/\/dorffest-schwerzenbach.ch\/2023\/wp-content\/uploads\/2023\/05\/Steiner-300x123.jpg 300w\" sizes=\"(max-width: 303px) 100vw, 303px\" \/><\/a><\/figure>\n\n\n\n<p>Gebr\u00fcder Steiner Holzbau AG<br>Z\u00fcrichstr. 53<br>8606 N\u00e4nikon<br>&#8212;<\/p>\n\n\n\n<p><\/p>\n\n\n\n<figure class=\"wp-block-image size-full\"><a href=\"https:\/\/dorffest-schwerzenbach.ch\/2023\/wp-content\/uploads\/2023\/05\/Gossweiler.jpg\"><img decoding=\"async\" loading=\"lazy\" width=\"306\" height=\"160\" src=\"https:\/\/dorffest-schwerzenbach.ch\/2023\/wp-content\/uploads\/2023\/05\/Gossweiler.jpg\" alt=\"\" class=\"wp-image-1417\" srcset=\"https:\/\/dorffest-schwerzenbach.ch\/2023\/wp-content\/uploads\/2023\/05\/Gossweiler.jpg 306w, https:\/\/dorffest-schwerzenbach.ch\/2023\/wp-content\/uploads\/2023\/05\/Gossweiler-300x157.jpg 300w\" sizes=\"(max-width: 306px) 100vw, 306px\" \/><\/a><\/figure>\n\n\n\n<p>Gossweiler Ingenieure AG<br>Neuhofstrasse 34<br>8600 D\u00fcbendorf<br>&#8212;<\/p>\n\n\n\n<p><\/p>\n\n\n\n<figure class=\"wp-block-image size-full is-resized\"><a href=\"https:\/\/dorffest-schwerzenbach.ch\/2023\/wp-content\/uploads\/2023\/05\/SPAR.jpg\"><img decoding=\"async\" loading=\"lazy\" src=\"https:\/\/dorffest-schwerzenbach.ch\/2023\/wp-content\/uploads\/2023\/05\/SPAR.jpg\" alt=\"\" class=\"wp-image-1514\" width=\"302\" height=\"261\" srcset=\"https:\/\/dorffest-schwerzenbach.ch\/2023\/wp-content\/uploads\/2023\/05\/SPAR.jpg 446w, https:\/\/dorffest-schwerzenbach.ch\/2023\/wp-content\/uploads\/2023\/05\/SPAR-300x259.jpg 300w\" sizes=\"(max-width: 302px) 100vw, 302px\" \/><\/a><\/figure>\n\n\n\n<p>SPAR Supermarkt Schwerzenbach<br>Bahnhofstrasse 1<br>8603 Schwerzenbach<br>&#8212;<\/p>\n\n\n\n<figure class=\"wp-block-image size-full\"><a href=\"https:\/\/dorffest-schwerzenbach.ch\/2023\/wp-content\/uploads\/2023\/06\/Meier-Autofahrschule2020.jpg\"><img decoding=\"async\" loading=\"lazy\" width=\"342\" height=\"195\" src=\"https:\/\/dorffest-schwerzenbach.ch\/2023\/wp-content\/uploads\/2023\/06\/Meier-Autofahrschule2020.jpg\" alt=\"\" class=\"wp-image-1548\" srcset=\"https:\/\/dorffest-schwerzenbach.ch\/2023\/wp-content\/uploads\/2023\/06\/Meier-Autofahrschule2020.jpg 342w, https:\/\/dorffest-schwerzenbach.ch\/2023\/wp-content\/uploads\/2023\/06\/Meier-Autofahrschule2020-300x171.jpg 300w\" sizes=\"(max-width: 342px) 100vw, 342px\" \/><\/a><\/figure>\n\n\n\n<p>Auto Fahrschule Markus Meier<br>Bahnstrasse 18<br>8603 Schwerzenbach<br>&#8212;<\/p>\n\n\n\n<figure class=\"wp-block-image size-large is-resized\"><a href=\"https:\/\/dorffest-schwerzenbach.ch\/2023\/wp-content\/uploads\/2023\/06\/Garage_Plus.jpg\"><img decoding=\"async\" loading=\"lazy\" src=\"https:\/\/dorffest-schwerzenbach.ch\/2023\/wp-content\/uploads\/2023\/06\/Garage_Plus-1024x281.jpg\" alt=\"\" class=\"wp-image-1586\" width=\"341\" height=\"93\" srcset=\"https:\/\/dorffest-schwerzenbach.ch\/2023\/wp-content\/uploads\/2023\/06\/Garage_Plus-1024x281.jpg 1024w, https:\/\/dorffest-schwerzenbach.ch\/2023\/wp-content\/uploads\/2023\/06\/Garage_Plus-300x82.jpg 300w, https:\/\/dorffest-schwerzenbach.ch\/2023\/wp-content\/uploads\/2023\/06\/Garage_Plus-768x211.jpg 768w, https:\/\/dorffest-schwerzenbach.ch\/2023\/wp-content\/uploads\/2023\/06\/Garage_Plus.jpg 1037w\" sizes=\"(max-width: 341px) 100vw, 341px\" \/><\/a><\/figure>\n\n\n\n<p>Dorf Garage Schwerzenbach AG<br>Ifangstrasse 12A<br>8603 Schwerzenbach<\/p>\n\n\n\n<h3 class=\"wp-block-heading has-cyan-bluish-gray-background-color has-background\"><strong>Goldfischli:<\/strong><br>CHF 100<\/h3>\n\n\n\n<figure class=\"wp-block-image size-full\"><a href=\"https:\/\/dorffest-schwerzenbach.ch\/2023\/wp-content\/uploads\/2023\/01\/isaura.jpg\"><img decoding=\"async\" loading=\"lazy\" width=\"190\" height=\"135\" src=\"https:\/\/dorffest-schwerzenbach.ch\/2023\/wp-content\/uploads\/2023\/01\/isaura.jpg\" alt=\"\" class=\"wp-image-1120\"\/><\/a><\/figure>\n\n\n\n<p>Isaura Reinigung, Duarte Maria<br>Landvogt-Waser-Strasse 15<br>8405 Winterthur<br><\/p>\n\n\n\n<hr class=\"wp-block-separator aligncenter has-alpha-channel-opacity is-style-wide\"\/>\n","protected":false},"excerpt":{"rendered":"<p>Ohne unsere Sponsoren w\u00e4re ein Dorffest kaum durchf\u00fchrbar, denn die Ortsvereine k\u00f6nnten die notwendige Infrastruktur kaum (vor)finanzieren.&nbsp;Der Schwerzenbacher Dorffestverein wirft seine Angel aus und versucht m\u00f6glichst grosse Fische an Land zu ziehen\u2026 Sponsoring?&nbsp; Sponsoringm\u00f6glichkeiten &lt;hier klicken&gt; Wir bedanken uns bei unseren Sponsoren herzlich f\u00fcr die Unterst\u00fctzung!&nbsp; Schwerzenbacher Fisch:mehr als CHF 1&#8217;000 &#8212; OBI Markt VolketswilIndustriestr. [&hellip;]<\/p>\n","protected":false},"author":1,"featured_media":0,"comment_status":"closed","ping_status":"closed","sticky":false,"template":"","format":"standard","meta":{"footnotes":""},"categories":[4],"tags":[],"_links":{"self":[{"href":"https:\/\/dorffest-schwerzenbach.ch\/2023\/wp-json\/wp\/v2\/posts\/64"}],"collection":[{"href":"https:\/\/dorffest-schwerzenbach.ch\/2023\/wp-json\/wp\/v2\/posts"}],"about":[{"href":"https:\/\/dorffest-schwerzenbach.ch\/2023\/wp-json\/wp\/v2\/types\/post"}],"author":[{"embeddable":true,"href":"https:\/\/dorffest-schwerzenbach.ch\/2023\/wp-json\/wp\/v2\/users\/1"}],"replies":[{"embeddable":true,"href":"https:\/\/dorffest-schwerzenbach.ch\/2023\/wp-json\/wp\/v2\/comments?post=64"}],"version-history":[{"count":176,"href":"https:\/\/dorffest-schwerzenbach.ch\/2023\/wp-json\/wp\/v2\/posts\/64\/revisions"}],"predecessor-version":[{"id":1590,"href":"https:\/\/dorffest-schwerzenbach.ch\/2023\/wp-json\/wp\/v2\/posts\/64\/revisions\/1590"}],"wp:attachment":[{"href":"https:\/\/dorffest-schwerzenbach.ch\/2023\/wp-json\/wp\/v2\/media?parent=64"}],"wp:term":[{"taxonomy":"category","embeddable":true,"href":"https:\/\/dorffest-schwerzenbach.ch\/2023\/wp-json\/wp\/v2\/categories?post=64"},{"taxonomy":"post_tag","embeddable":true,"href":"https:\/\/dorffest-schwerzenbach.ch\/2023\/wp-json\/wp\/v2\/tags?post=64"}],"curies":[{"name":"wp","href":"https:\/\/api.w.org\/{rel}","templated":true}]}}