{"id":111,"date":"2023-03-12T17:54:00","date_gmt":"2023-03-12T17:54:00","guid":{"rendered":"http:\/\/www.dorffest-schwerzenbach.ch\/2020\/?p=111"},"modified":"2023-06-23T09:06:27","modified_gmt":"2023-06-23T09:06:27","slug":"vereine","status":"publish","type":"post","link":"https:\/\/dorffest-schwerzenbach.ch\/2023\/vereine\/","title":{"rendered":"Vereine"},"content":{"rendered":"<div class=\"wp-block-image\">\n<figure class=\"alignright size-large is-resized\"><a href=\"https:\/\/dorffest-schwerzenbach.ch\/2023\/wp-content\/uploads\/2023\/04\/Delphin_silhouette.png\"><img decoding=\"async\" loading=\"lazy\" src=\"https:\/\/dorffest-schwerzenbach.ch\/2023\/wp-content\/uploads\/2023\/04\/Delphin_silhouette-934x1024.png\" alt=\"\" class=\"wp-image-1273\" width=\"151\" height=\"166\" srcset=\"https:\/\/dorffest-schwerzenbach.ch\/2023\/wp-content\/uploads\/2023\/04\/Delphin_silhouette-934x1024.png 934w, https:\/\/dorffest-schwerzenbach.ch\/2023\/wp-content\/uploads\/2023\/04\/Delphin_silhouette-274x300.png 274w, https:\/\/dorffest-schwerzenbach.ch\/2023\/wp-content\/uploads\/2023\/04\/Delphin_silhouette-768x842.png 768w, https:\/\/dorffest-schwerzenbach.ch\/2023\/wp-content\/uploads\/2023\/04\/Delphin_silhouette-1402x1536.png 1402w, https:\/\/dorffest-schwerzenbach.ch\/2023\/wp-content\/uploads\/2023\/04\/Delphin_silhouette-1869x2048.png 1869w\" sizes=\"(max-width: 151px) 100vw, 151px\" \/><\/a><\/figure><\/div>\n\n<p>Unsere Dorfvereine sind das R\u00fcckgrat des Dorffests. Sie werden vom OK Dorffest organisatorisch unterst\u00fctzt.<\/p>\n<p><strong>Dorfvereine:<\/strong><\/p>\n<p>Detaillierte Angaben zu unseren Vereinen findet man auf der Homepage der Gemeinde <br \/><a title=\"\" href=\"http:\/\/www.schwerzenbach.ch\/de\/freizeitkultur\/freizeit\/vereinsliste\/\" target=\"_blank\" rel=\"noopener noreferrer\">http:\/\/www.schwerzenbach.ch\/de\/freizeitkultur\/freizeit\/vereinsliste\/<\/a><\/p>\n<hr \/>\n<p><strong>Arbeitsgemeinschaft Wohnliches Schwerzenbach (AWS)<\/strong><\/p>\n<figure class=\"wp-block-image size-full is-resized\"><a href=\"https:\/\/dorffest-schwerzenbach.ch\/2023\/wp-content\/uploads\/2022\/11\/AWS_logo.jpg\"><img decoding=\"async\" loading=\"lazy\" class=\"wp-image-1095\" src=\"https:\/\/dorffest-schwerzenbach.ch\/2023\/wp-content\/uploads\/2022\/11\/AWS_logo.jpg\" sizes=\"(max-width: 258px) 100vw, 258px\" srcset=\"https:\/\/dorffest-schwerzenbach.ch\/2023\/wp-content\/uploads\/2022\/11\/AWS_logo.jpg 343w, https:\/\/dorffest-schwerzenbach.ch\/2023\/wp-content\/uploads\/2022\/11\/AWS_logo-300x158.jpg 300w\" alt=\"\" width=\"285\" height=\"150\" \/><\/a><\/figure>\n<p>&#8212;<\/p>\n<p><strong>Damenturnverein<\/strong><\/p>\n<p><a href=\"https:\/\/dorffest-schwerzenbach.ch\/2023\/wp-content\/uploads\/2023\/03\/DTV2.jpg\"><img decoding=\"async\" loading=\"lazy\" class=\"alignnone  wp-image-1437\" src=\"https:\/\/dorffest-schwerzenbach.ch\/2023\/wp-content\/uploads\/2023\/03\/DTV2.jpg\" alt=\"\" width=\"204\" height=\"203\" srcset=\"https:\/\/dorffest-schwerzenbach.ch\/2023\/wp-content\/uploads\/2023\/03\/DTV2.jpg 215w, https:\/\/dorffest-schwerzenbach.ch\/2023\/wp-content\/uploads\/2023\/03\/DTV2-150x150.jpg 150w\" sizes=\"(max-width: 204px) 100vw, 204px\" \/><\/a><\/p>\n<p>&#8212;<\/p>\n<p><strong>Elterngruppe Windredli<\/strong><\/p>\n<p><a href=\"https:\/\/dorffest-schwerzenbach.ch\/2023\/wp-content\/uploads\/2023\/03\/Windredli2.jpg\"><img decoding=\"async\" loading=\"lazy\" class=\"alignnone  wp-image-1439\" src=\"https:\/\/dorffest-schwerzenbach.ch\/2023\/wp-content\/uploads\/2023\/03\/Windredli2-240x300.jpg\" alt=\"\" width=\"220\" height=\"275\" srcset=\"https:\/\/dorffest-schwerzenbach.ch\/2023\/wp-content\/uploads\/2023\/03\/Windredli2-240x300.jpg 240w, https:\/\/dorffest-schwerzenbach.ch\/2023\/wp-content\/uploads\/2023\/03\/Windredli2.jpg 286w\" sizes=\"(max-width: 220px) 100vw, 220px\" \/><\/a><\/p>\n<p>&#8212;<\/p>\n<p><strong>Feuerwehrverein<\/strong><\/p>\n<p><a href=\"https:\/\/dorffest-schwerzenbach.ch\/2023\/wp-content\/uploads\/2018\/11\/feuerwehrverein_logo.jpg\"><img decoding=\"async\" loading=\"lazy\" class=\"alignnone  wp-image-171\" src=\"https:\/\/dorffest-schwerzenbach.ch\/2023\/wp-content\/uploads\/2018\/11\/feuerwehrverein_logo.jpg\" alt=\"\" width=\"203\" height=\"193\" \/><\/a><br \/>&#8212;<\/p>\n<p><strong>Fl\u00f6tenensemble Schwerzenbach<\/strong><\/p>\n<p><a href=\"https:\/\/dorffest-schwerzenbach.ch\/2023\/wp-content\/uploads\/2023\/06\/Floetenensemble4.jpg\"><img decoding=\"async\" loading=\"lazy\" class=\"alignnone size-medium wp-image-1598\" src=\"https:\/\/dorffest-schwerzenbach.ch\/2023\/wp-content\/uploads\/2023\/06\/Floetenensemble4-300x63.jpg\" alt=\"\" width=\"300\" height=\"63\" srcset=\"https:\/\/dorffest-schwerzenbach.ch\/2023\/wp-content\/uploads\/2023\/06\/Floetenensemble4-300x63.jpg 300w, https:\/\/dorffest-schwerzenbach.ch\/2023\/wp-content\/uploads\/2023\/06\/Floetenensemble4-1024x217.jpg 1024w, https:\/\/dorffest-schwerzenbach.ch\/2023\/wp-content\/uploads\/2023\/06\/Floetenensemble4-768x162.jpg 768w, https:\/\/dorffest-schwerzenbach.ch\/2023\/wp-content\/uploads\/2023\/06\/Floetenensemble4.jpg 1329w\" sizes=\"(max-width: 300px) 100vw, 300px\" \/><\/a><\/p>\n<p>&#8212;<\/p>\n<p><strong>Fussballclub<\/strong><\/p>\n<p><a href=\"https:\/\/dorffest-schwerzenbach.ch\/2023\/wp-content\/uploads\/2023\/03\/FCS.jpg\"><img decoding=\"async\" loading=\"lazy\" class=\"alignnone  wp-image-1440\" src=\"https:\/\/dorffest-schwerzenbach.ch\/2023\/wp-content\/uploads\/2023\/03\/FCS-246x300.jpg\" alt=\"\" width=\"180\" height=\"219\" srcset=\"https:\/\/dorffest-schwerzenbach.ch\/2023\/wp-content\/uploads\/2023\/03\/FCS-246x300.jpg 246w, https:\/\/dorffest-schwerzenbach.ch\/2023\/wp-content\/uploads\/2023\/03\/FCS.jpg 290w\" sizes=\"(max-width: 180px) 100vw, 180px\" \/><\/a><\/p>\n<p>&#8212;<\/p>\n<p><strong>Kinder- und Jugendarbeit Schwerzenbach (KJAS)<\/strong><\/p>\n<p><a href=\"https:\/\/dorffest-schwerzenbach.ch\/2023\/wp-content\/uploads\/2023\/03\/KJAS.jpg\"><img decoding=\"async\" loading=\"lazy\" class=\"alignnone wp-image-1385 size-medium\" src=\"https:\/\/dorffest-schwerzenbach.ch\/2023\/wp-content\/uploads\/2023\/03\/KJAS-300x84.jpg\" alt=\"\" width=\"300\" height=\"84\" srcset=\"https:\/\/dorffest-schwerzenbach.ch\/2023\/wp-content\/uploads\/2023\/03\/KJAS-300x84.jpg 300w, https:\/\/dorffest-schwerzenbach.ch\/2023\/wp-content\/uploads\/2023\/03\/KJAS.jpg 313w\" sizes=\"(max-width: 300px) 100vw, 300px\" \/><\/a><br \/>&#8212;<\/p>\n<p><strong>M\u00e4nnerchor<\/strong><\/p>\n<p><a href=\"https:\/\/dorffest-schwerzenbach.ch\/2023\/wp-content\/uploads\/2019\/10\/maennerchor_logo.jpg\"><img decoding=\"async\" loading=\"lazy\" class=\"alignnone  wp-image-620\" src=\"https:\/\/dorffest-schwerzenbach.ch\/2023\/wp-content\/uploads\/2019\/10\/maennerchor_logo-300x139.jpg\" alt=\"\" width=\"298\" height=\"138\" srcset=\"https:\/\/dorffest-schwerzenbach.ch\/2023\/wp-content\/uploads\/2019\/10\/maennerchor_logo-300x139.jpg 300w, https:\/\/dorffest-schwerzenbach.ch\/2023\/wp-content\/uploads\/2019\/10\/maennerchor_logo.jpg 378w\" sizes=\"(max-width: 298px) 100vw, 298px\" \/><\/a><br \/>&#8212;<br \/><strong>M\u00e4nnerturnverein (MTV)<\/strong><\/p>\n<p><a href=\"https:\/\/dorffest-schwerzenbach.ch\/2023\/wp-content\/uploads\/2023\/03\/MTV.jpg\"><img decoding=\"async\" loading=\"lazy\" class=\"alignnone size-medium wp-image-1376\" src=\"https:\/\/dorffest-schwerzenbach.ch\/2023\/wp-content\/uploads\/2023\/03\/MTV-300x198.jpg\" alt=\"\" width=\"300\" height=\"198\" srcset=\"https:\/\/dorffest-schwerzenbach.ch\/2023\/wp-content\/uploads\/2023\/03\/MTV-300x198.jpg 300w, https:\/\/dorffest-schwerzenbach.ch\/2023\/wp-content\/uploads\/2023\/03\/MTV.jpg 314w\" sizes=\"(max-width: 300px) 100vw, 300px\" \/><\/a><br \/>&#8212;<\/p>\n<p><strong>Musikgesellschaft<\/strong><\/p>\n<p><a href=\"https:\/\/dorffest-schwerzenbach.ch\/2023\/wp-content\/uploads\/2023\/03\/Musikgesellschaft.jpg\"><img decoding=\"async\" loading=\"lazy\" class=\"alignnone wp-image-1389 \" src=\"https:\/\/dorffest-schwerzenbach.ch\/2023\/wp-content\/uploads\/2023\/03\/Musikgesellschaft-300x48.jpg\" alt=\"\" width=\"400\" height=\"64\" srcset=\"https:\/\/dorffest-schwerzenbach.ch\/2023\/wp-content\/uploads\/2023\/03\/Musikgesellschaft-300x48.jpg 300w, https:\/\/dorffest-schwerzenbach.ch\/2023\/wp-content\/uploads\/2023\/03\/Musikgesellschaft-768x123.jpg 768w, https:\/\/dorffest-schwerzenbach.ch\/2023\/wp-content\/uploads\/2023\/03\/Musikgesellschaft.jpg 815w\" sizes=\"(max-width: 400px) 100vw, 400px\" \/><\/a><\/p>\n<p>&#8212;<\/p>\n<p><strong>Pfadi Wildert<\/strong><\/p>\n<p><a href=\"https:\/\/dorffest-schwerzenbach.ch\/2023\/wp-content\/uploads\/2023\/03\/Pfadi.jpg\"><img decoding=\"async\" loading=\"lazy\" class=\"alignnone wp-image-1441 \" src=\"https:\/\/dorffest-schwerzenbach.ch\/2023\/wp-content\/uploads\/2023\/03\/Pfadi-246x300.jpg\" alt=\"\" width=\"180\" height=\"220\" srcset=\"https:\/\/dorffest-schwerzenbach.ch\/2023\/wp-content\/uploads\/2023\/03\/Pfadi-246x300.jpg 246w, https:\/\/dorffest-schwerzenbach.ch\/2023\/wp-content\/uploads\/2023\/03\/Pfadi.jpg 299w\" sizes=\"(max-width: 180px) 100vw, 180px\" \/><\/a><\/p>\n<p>&#8212;<\/p>\n<p><strong>reformierte Kirche<\/strong><\/p>\n<p><a href=\"https:\/\/dorffest-schwerzenbach.ch\/2023\/wp-content\/uploads\/2019\/10\/Kirche_ref_logo.jpg\"><img decoding=\"async\" loading=\"lazy\" class=\"alignnone  wp-image-611\" src=\"https:\/\/dorffest-schwerzenbach.ch\/2023\/wp-content\/uploads\/2019\/10\/Kirche_ref_logo-300x101.jpg\" alt=\"\" width=\"285\" height=\"96\" srcset=\"https:\/\/dorffest-schwerzenbach.ch\/2023\/wp-content\/uploads\/2019\/10\/Kirche_ref_logo-300x101.jpg 300w, https:\/\/dorffest-schwerzenbach.ch\/2023\/wp-content\/uploads\/2019\/10\/Kirche_ref_logo.jpg 341w\" sizes=\"(max-width: 285px) 100vw, 285px\" \/><\/a><\/p>\n<p>&#8212;<\/p>\n<p><strong>katholische Kirche, Pfarrei St. Gabriel<br \/><\/strong><\/p>\n<p><a href=\"https:\/\/dorffest-schwerzenbach.ch\/2023\/wp-content\/uploads\/2019\/10\/Kirche_kath_logo.jpg\"><img decoding=\"async\" loading=\"lazy\" class=\"alignnone size-full wp-image-610\" src=\"https:\/\/dorffest-schwerzenbach.ch\/2023\/wp-content\/uploads\/2019\/10\/Kirche_kath_logo.jpg\" alt=\"\" width=\"226\" height=\"126\" \/><\/a><\/p>\n<p>&#8212;<\/p>\n<p><strong>Glattal Church<\/strong><\/p>\n<p><a href=\"https:\/\/dorffest-schwerzenbach.ch\/2023\/wp-content\/uploads\/2019\/10\/Kirche_Glattalchurch_logo.jpg\"><img decoding=\"async\" loading=\"lazy\" class=\"alignnone size-full wp-image-609\" src=\"https:\/\/dorffest-schwerzenbach.ch\/2023\/wp-content\/uploads\/2019\/10\/Kirche_Glattalchurch_logo.jpg\" alt=\"\" width=\"239\" height=\"76\" \/><\/a><\/p>\n<p>&#8212;<\/p>\n\n\n<p><strong>Regionale Musikschule D\u00fcbendorf (RMD)<\/strong><\/p>\n\n\n\n<figure class=\"wp-block-image size-full\"><a href=\"https:\/\/dorffest-schwerzenbach.ch\/2023\/wp-content\/uploads\/2023\/03\/MusikschuleDUB-1.jpg\"><img decoding=\"async\" loading=\"lazy\" width=\"308\" height=\"174\" src=\"https:\/\/dorffest-schwerzenbach.ch\/2023\/wp-content\/uploads\/2023\/03\/MusikschuleDUB-1.jpg\" alt=\"\" class=\"wp-image-1171\" srcset=\"https:\/\/dorffest-schwerzenbach.ch\/2023\/wp-content\/uploads\/2023\/03\/MusikschuleDUB-1.jpg 308w, https:\/\/dorffest-schwerzenbach.ch\/2023\/wp-content\/uploads\/2023\/03\/MusikschuleDUB-1-300x169.jpg 300w\" sizes=\"(max-width: 308px) 100vw, 308px\" \/><\/a><\/figure>\n\n\n\n<p>&#8212;<\/p>\n\n\n\n<p><\/p>\n\n\n\n<p><\/p>\n","protected":false},"excerpt":{"rendered":"<p>Unsere Dorfvereine sind das R\u00fcckgrat des Dorffests. Sie werden vom OK Dorffest organisatorisch unterst\u00fctzt. Dorfvereine: Detaillierte Angaben zu unseren Vereinen findet man auf der Homepage der Gemeinde http:\/\/www.schwerzenbach.ch\/de\/freizeitkultur\/freizeit\/vereinsliste\/ Arbeitsgemeinschaft Wohnliches Schwerzenbach (AWS) &#8212; Damenturnverein &#8212; Elterngruppe Windredli &#8212; Feuerwehrverein &#8212; Fl\u00f6tenensemble Schwerzenbach &#8212; Fussballclub &#8212; Kinder- und Jugendarbeit Schwerzenbach (KJAS) &#8212; M\u00e4nnerchor &#8212;M\u00e4nnerturnverein (MTV) &#8212; [&hellip;]<\/p>\n","protected":false},"author":1,"featured_media":0,"comment_status":"closed","ping_status":"closed","sticky":false,"template":"","format":"standard","meta":{"footnotes":""},"categories":[4],"tags":[],"_links":{"self":[{"href":"https:\/\/dorffest-schwerzenbach.ch\/2023\/wp-json\/wp\/v2\/posts\/111"}],"collection":[{"href":"https:\/\/dorffest-schwerzenbach.ch\/2023\/wp-json\/wp\/v2\/posts"}],"about":[{"href":"https:\/\/dorffest-schwerzenbach.ch\/2023\/wp-json\/wp\/v2\/types\/post"}],"author":[{"embeddable":true,"href":"https:\/\/dorffest-schwerzenbach.ch\/2023\/wp-json\/wp\/v2\/users\/1"}],"replies":[{"embeddable":true,"href":"https:\/\/dorffest-schwerzenbach.ch\/2023\/wp-json\/wp\/v2\/comments?post=111"}],"version-history":[{"count":64,"href":"https:\/\/dorffest-schwerzenbach.ch\/2023\/wp-json\/wp\/v2\/posts\/111\/revisions"}],"predecessor-version":[{"id":1599,"href":"https:\/\/dorffest-schwerzenbach.ch\/2023\/wp-json\/wp\/v2\/posts\/111\/revisions\/1599"}],"wp:attachment":[{"href":"https:\/\/dorffest-schwerzenbach.ch\/2023\/wp-json\/wp\/v2\/media?parent=111"}],"wp:term":[{"taxonomy":"category","embeddable":true,"href":"https:\/\/dorffest-schwerzenbach.ch\/2023\/wp-json\/wp\/v2\/categories?post=111"},{"taxonomy":"post_tag","embeddable":true,"href":"https:\/\/dorffest-schwerzenbach.ch\/2023\/wp-json\/wp\/v2\/tags?post=111"}],"curies":[{"name":"wp","href":"https:\/\/api.w.org\/{rel}","templated":true}]}}