{"id":64,"date":"2018-11-23T18:03:40","date_gmt":"2018-11-23T18:03:40","guid":{"rendered":"http:\/\/www.dorffest-schwerzenbach.ch\/2020\/?p=64"},"modified":"2022-06-22T13:44:58","modified_gmt":"2022-06-22T13:44:58","slug":"unsere-sponsoren","status":"publish","type":"post","link":"https:\/\/dorffest-schwerzenbach.ch\/2020\/unsere-sponsoren\/","title":{"rendered":"Unsere Sponsoren"},"content":{"rendered":"<p><img decoding=\"async\" loading=\"lazy\" class=\"alignnone size-medium wp-image-8\" src=\"https:\/\/dorffest-schwerzenbach.ch\/2020\/wp-content\/uploads\/2018\/11\/kinder-1-300x84.jpg\" alt=\"\" width=\"300\" height=\"84\" srcset=\"https:\/\/dorffest-schwerzenbach.ch\/2020\/wp-content\/uploads\/2018\/11\/kinder-1-300x84.jpg 300w, https:\/\/dorffest-schwerzenbach.ch\/2020\/wp-content\/uploads\/2018\/11\/kinder-1.jpg 704w\" sizes=\"(max-width: 300px) 100vw, 300px\" \/><\/p>\n<p>Ohne unsere Sponsoren w\u00e4re ein Dorffest kaum durchf\u00fchrbar, denn die Ortsvereine k\u00f6nnten die notwendige Infrastruktur kaum (vor)finanzieren.<\/p>\n<h4><strong>Sponsoring?<\/strong>\u00a0 <a title=\"\" href=\"https:\/\/dorffest-schwerzenbach.ch\/2020\/wp-content\/uploads\/2019\/09\/Sponsormoeglichkeiten-4.pdf\" target=\"_blank\" rel=\"noopener noreferrer\">Sponsoringm\u00f6glichkeiten &lt;hier klicken&gt;<\/a><\/h4>\n<hr \/>\n<h3>Historie: Unsere Sponsoren 2020<\/h3>\n<h1><\/h1>\n<h1><strong>Hauptsponsoren<\/strong><\/h1>\n<p><strong>Meier Tobler AG<\/strong><br \/>\n<a title=\"\" href=\"https:\/\/www.meiertobler.ch\/de\/\" target=\"_blank\" rel=\"noopener noreferrer\">https:\/\/www.meiertobler.ch\/de\/<\/a><br \/>\nBahnstrasse 24, Postfach, 8603 Schwerzenbach<\/p>\n<p><a href=\"https:\/\/dorffest-schwerzenbach.ch\/2020\/wp-content\/uploads\/2020\/03\/meier-tobler.jpg\"><img decoding=\"async\" loading=\"lazy\" class=\"alignnone  wp-image-753\" src=\"https:\/\/dorffest-schwerzenbach.ch\/2020\/wp-content\/uploads\/2020\/03\/meier-tobler-300x177.jpg\" alt=\"\" width=\"268\" height=\"158\" srcset=\"https:\/\/dorffest-schwerzenbach.ch\/2020\/wp-content\/uploads\/2020\/03\/meier-tobler-300x177.jpg 300w, https:\/\/dorffest-schwerzenbach.ch\/2020\/wp-content\/uploads\/2020\/03\/meier-tobler.jpg 713w\" sizes=\"(max-width: 268px) 100vw, 268px\" \/><\/a><\/p>\n<hr \/>\n<hr \/>\n<h2><strong>Gold-Sponsoren<\/strong><\/h2>\n<p><strong>Denner Partner Schwerzenbach<\/strong><br \/>\n<a title=\"\" href=\"https:\/\/www.denner.ch\/de\/suche\/?form=top&amp;q=8603\" target=\"_blank\" rel=\"noopener noreferrer\">https:\/\/www.denner.ch\/de\/suche\/?form=top&amp;q=8603<\/a><br \/>\nBahnstrasse 18,8603 Schwerzenbach<\/p>\n<p><a href=\"https:\/\/dorffest-schwerzenbach.ch\/2020\/wp-content\/uploads\/2020\/03\/denner.jpg\"><img decoding=\"async\" loading=\"lazy\" class=\"alignnone size-full wp-image-756\" src=\"https:\/\/dorffest-schwerzenbach.ch\/2020\/wp-content\/uploads\/2020\/03\/denner.jpg\" alt=\"\" width=\"237\" height=\"80\" \/><\/a><\/p>\n<hr \/>\n<hr \/>\n<h2><strong>Silber-Sponsoren<\/strong><\/h2>\n<p><strong>Zindel Beratung Revision Treuhand GmbH<br \/>\n<\/strong><a title=\"\" href=\"https:\/\/www.zindelbrt.ch\/\" target=\"_blank\" rel=\"noopener noreferrer\">https:\/\/www.zindelbrt.ch\/<\/a><br \/>\nIfangstrasse 12b, 8603 Schwerzenbach<strong><br \/>\n<\/strong><\/p>\n<p><a href=\"https:\/\/dorffest-schwerzenbach.ch\/2020\/wp-content\/uploads\/2019\/09\/Logo_Zindel.jpg\"><img decoding=\"async\" loading=\"lazy\" class=\"alignnone size-full wp-image-517\" src=\"https:\/\/dorffest-schwerzenbach.ch\/2020\/wp-content\/uploads\/2019\/09\/Logo_Zindel.jpg\" alt=\"\" width=\"255\" height=\"89\" \/><\/a><\/p>\n<hr \/>\n<hr \/>\n<h2><strong>Sponsorentafel<\/strong><\/h2>\n<p><strong>Gossweiler Ingenieure AG<br \/>\n<\/strong><a title=\"\" href=\"https:\/\/www.gossweiler.com\/\" target=\"_blank\" rel=\"noopener noreferrer\">https:\/\/www.gossweiler.com\/<\/a><br \/>\nNeuhofstrasse 34, 8600 D\u00fcbendorf<\/p>\n<p><a href=\"https:\/\/dorffest-schwerzenbach.ch\/2020\/wp-content\/uploads\/2019\/09\/Logo-Gossweiler.jpg\"><img decoding=\"async\" loading=\"lazy\" class=\"alignnone size-medium wp-image-575\" src=\"https:\/\/dorffest-schwerzenbach.ch\/2020\/wp-content\/uploads\/2019\/09\/Logo-Gossweiler-300x80.jpg\" alt=\"\" width=\"300\" height=\"80\" srcset=\"https:\/\/dorffest-schwerzenbach.ch\/2020\/wp-content\/uploads\/2019\/09\/Logo-Gossweiler-300x80.jpg 300w, https:\/\/dorffest-schwerzenbach.ch\/2020\/wp-content\/uploads\/2019\/09\/Logo-Gossweiler-768x205.jpg 768w, https:\/\/dorffest-schwerzenbach.ch\/2020\/wp-content\/uploads\/2019\/09\/Logo-Gossweiler.jpg 1013w\" sizes=\"(max-width: 300px) 100vw, 300px\" \/><\/a><\/p>\n<hr \/>\n<p class=\"ci\"><strong>KIBAG Kanalunterhalt AG<br \/>\n<\/strong><a title=\"\" href=\"https:\/\/www.kibag.ch\/de\/standort\/kibag-kanalunterhalt-faellanden.html\" target=\"_blank\" rel=\"noopener noreferrer\">https:\/\/www.kibag.ch\/de\/standort\/kibag-kanalunterhalt-faellanden.html<\/a><strong><br \/>\n<\/strong>Industriestrasse 30, 8117 F\u00e4llanden<\/p>\n<p><a href=\"https:\/\/dorffest-schwerzenbach.ch\/2020\/wp-content\/uploads\/2019\/09\/logo_Kibag.jpg\"><img decoding=\"async\" loading=\"lazy\" class=\"alignnone size-full wp-image-581\" src=\"https:\/\/dorffest-schwerzenbach.ch\/2020\/wp-content\/uploads\/2019\/09\/logo_Kibag.jpg\" alt=\"\" width=\"231\" height=\"117\" \/><\/a><\/p>\n<hr \/>\n<p><strong>Maler Killer AG<\/strong><br \/>\n<a title=\"\" href=\"http:\/\/www.malerkiller.ch\" target=\"_blank\" rel=\"noopener noreferrer\">www.malerkiller.ch<\/a><br \/>\nBahnstrasse 10, 8603 Schwerzenbach<\/p>\n<p><a href=\"https:\/\/dorffest-schwerzenbach.ch\/2020\/wp-content\/uploads\/2019\/10\/logo_Killer.jpg\"><img decoding=\"async\" loading=\"lazy\" class=\"alignnone size-medium wp-image-592\" src=\"https:\/\/dorffest-schwerzenbach.ch\/2020\/wp-content\/uploads\/2019\/10\/logo_Killer-300x210.jpg\" alt=\"\" width=\"300\" height=\"210\" srcset=\"https:\/\/dorffest-schwerzenbach.ch\/2020\/wp-content\/uploads\/2019\/10\/logo_Killer-300x210.jpg 300w, https:\/\/dorffest-schwerzenbach.ch\/2020\/wp-content\/uploads\/2019\/10\/logo_Killer.jpg 301w\" sizes=\"(max-width: 300px) 100vw, 300px\" \/><\/a><\/p>\n<hr \/>\n<p><strong>Inauen\u00a0 Strassenbau AG<\/strong><br \/>\n<a title=\"\" href=\"http:\/\/www.inauen-strassenbau.ch\/\" target=\"_blank\" rel=\"noopener noreferrer\">www.inauen-strassenbau.ch<\/a><br \/>\nTurbinenweg 5, 8610 Uster<\/p>\n<p><a href=\"https:\/\/dorffest-schwerzenbach.ch\/2020\/wp-content\/uploads\/2019\/10\/logo_innauen.jpg\"><img decoding=\"async\" loading=\"lazy\" class=\"alignnone size-full wp-image-591\" src=\"https:\/\/dorffest-schwerzenbach.ch\/2020\/wp-content\/uploads\/2019\/10\/logo_innauen.jpg\" alt=\"\" width=\"155\" height=\"97\" \/><\/a><\/p>\n<hr \/>\n<p><strong>SET Glasbau<\/strong><br \/>\n<a title=\"\" href=\"http:\/\/www.setglasbau.ch\/home\" target=\"_blank\" rel=\"noopener noreferrer\">http:\/\/www.setglasbau.ch\/home<\/a><br \/>\nGeissb\u00fcelstrasse 22, CH-8604 Volketswil\/Hegnau<\/p>\n<p><a href=\"https:\/\/dorffest-schwerzenbach.ch\/2020\/wp-content\/uploads\/2019\/10\/SET_logo.jpg\"><img decoding=\"async\" loading=\"lazy\" class=\"alignnone size-medium wp-image-641\" src=\"https:\/\/dorffest-schwerzenbach.ch\/2020\/wp-content\/uploads\/2019\/10\/SET_logo-300x98.jpg\" alt=\"\" width=\"300\" height=\"98\" srcset=\"https:\/\/dorffest-schwerzenbach.ch\/2020\/wp-content\/uploads\/2019\/10\/SET_logo-300x98.jpg 300w, https:\/\/dorffest-schwerzenbach.ch\/2020\/wp-content\/uploads\/2019\/10\/SET_logo.jpg 339w\" sizes=\"(max-width: 300px) 100vw, 300px\" \/><\/a><\/p>\n<hr \/>\n<p><strong>Meier Autofahrschule<\/strong><br \/>\n<a href=\"http:\/\/www.autofahrenlernen.ch\/\">http:\/\/www.autofahrenlernen.ch\/<\/a><br \/>\nBahnstrasse 18 (Im Chimlim\u00e4rt), 8603 Schwerzenbach<\/p>\n<p><a href=\"https:\/\/dorffest-schwerzenbach.ch\/2020\/wp-content\/uploads\/2019\/11\/Meier_logo.jpg\"><img decoding=\"async\" loading=\"lazy\" class=\"alignnone size-medium wp-image-729\" src=\"https:\/\/dorffest-schwerzenbach.ch\/2020\/wp-content\/uploads\/2019\/11\/Meier_logo-300x185.jpg\" alt=\"\" width=\"300\" height=\"185\" srcset=\"https:\/\/dorffest-schwerzenbach.ch\/2020\/wp-content\/uploads\/2019\/11\/Meier_logo-300x185.jpg 300w, https:\/\/dorffest-schwerzenbach.ch\/2020\/wp-content\/uploads\/2019\/11\/Meier_logo.jpg 536w\" sizes=\"(max-width: 300px) 100vw, 300px\" \/><\/a><\/p>\n<hr \/>\n<p><strong>Scheiwiller Baukeramik<\/strong><br \/>\n<a href=\"https:\/\/www.scheiwillerbaukeramik.ch\">https:\/\/www.scheiwillerbaukeramik.ch<\/a><br \/>\nGferchstrasse 9a, 8603 Schwerzenbach<\/p>\n<p><a href=\"https:\/\/dorffest-schwerzenbach.ch\/2020\/wp-content\/uploads\/2019\/11\/Scheiwiller_logo.jpg\"><img decoding=\"async\" loading=\"lazy\" class=\"alignnone size-medium wp-image-730\" src=\"https:\/\/dorffest-schwerzenbach.ch\/2020\/wp-content\/uploads\/2019\/11\/Scheiwiller_logo-300x91.jpg\" alt=\"\" width=\"300\" height=\"91\" srcset=\"https:\/\/dorffest-schwerzenbach.ch\/2020\/wp-content\/uploads\/2019\/11\/Scheiwiller_logo-300x91.jpg 300w, https:\/\/dorffest-schwerzenbach.ch\/2020\/wp-content\/uploads\/2019\/11\/Scheiwiller_logo-768x232.jpg 768w, https:\/\/dorffest-schwerzenbach.ch\/2020\/wp-content\/uploads\/2019\/11\/Scheiwiller_logo.jpg 1000w\" sizes=\"(max-width: 300px) 100vw, 300px\" \/><\/a><\/p>\n<hr \/>\n<p><strong>Dorf Garage Schwerzenbach<br \/>\n<\/strong><a title=\"\" href=\"http:\/\/www.dorfgarage-schwerzenbach.ch\" target=\"_blank\" rel=\"noopener noreferrer\">www.dorfgarage-schwerzenbach.ch<\/a><br \/>\nF\u00e4llandenstrasse 7 \u2022 8603 Schwerzenbach<\/p>\n<p><a href=\"https:\/\/dorffest-schwerzenbach.ch\/2020\/wp-content\/uploads\/2020\/03\/dorf-garage.jpg\"><img decoding=\"async\" loading=\"lazy\" class=\"alignnone size-medium wp-image-755\" src=\"https:\/\/dorffest-schwerzenbach.ch\/2020\/wp-content\/uploads\/2020\/03\/dorf-garage-300x165.jpg\" alt=\"\" width=\"300\" height=\"165\" srcset=\"https:\/\/dorffest-schwerzenbach.ch\/2020\/wp-content\/uploads\/2020\/03\/dorf-garage-300x165.jpg 300w, https:\/\/dorffest-schwerzenbach.ch\/2020\/wp-content\/uploads\/2020\/03\/dorf-garage.jpg 606w\" sizes=\"(max-width: 300px) 100vw, 300px\" \/><\/a><\/p>\n<hr \/>\n<p><strong>Bruno Walliser Kaminfeger AG<\/strong><br \/>\n<a title=\"\" href=\"http:\/\/www.brunowalliser.ch\" target=\"_blank\" rel=\"noopener noreferrer\">www.brunowalliser.ch<\/a><br \/>\nHardstr. 11, 8604 Volketswil<br \/>\n<a href=\"https:\/\/dorffest-schwerzenbach.ch\/2020\/wp-content\/uploads\/2020\/03\/walliser.jpg\"><img decoding=\"async\" loading=\"lazy\" class=\"alignnone  wp-image-754\" src=\"https:\/\/dorffest-schwerzenbach.ch\/2020\/wp-content\/uploads\/2020\/03\/walliser-300x104.jpg\" alt=\"\" width=\"393\" height=\"136\" srcset=\"https:\/\/dorffest-schwerzenbach.ch\/2020\/wp-content\/uploads\/2020\/03\/walliser-300x104.jpg 300w, https:\/\/dorffest-schwerzenbach.ch\/2020\/wp-content\/uploads\/2020\/03\/walliser.jpg 396w\" sizes=\"(max-width: 393px) 100vw, 393px\" \/><\/a><\/p>\n<hr \/>\n<hr \/>\n<h2><strong>Bandenwerbung<\/strong><\/h2>\n<p><strong>Merlin G\u00e4rten<br \/>\n<\/strong><a title=\"\" href=\"http:\/\/merlingaerten.ch\/\" target=\"_blank\" rel=\"noopener noreferrer\">http:\/\/merlingaerten.ch\/<\/a><strong><br \/>\n<\/strong>Rumlikerstrasse 30, 8320 Fehraltorf<strong><br \/>\n<\/strong><\/p>\n<p><a href=\"https:\/\/dorffest-schwerzenbach.ch\/2020\/wp-content\/uploads\/2019\/09\/Logo_Merlin_600.jpg\"><img decoding=\"async\" loading=\"lazy\" class=\"alignnone size-medium wp-image-502\" src=\"https:\/\/dorffest-schwerzenbach.ch\/2020\/wp-content\/uploads\/2019\/09\/Logo_Merlin_600-300x213.jpg\" alt=\"\" width=\"300\" height=\"213\" srcset=\"https:\/\/dorffest-schwerzenbach.ch\/2020\/wp-content\/uploads\/2019\/09\/Logo_Merlin_600-300x213.jpg 300w, https:\/\/dorffest-schwerzenbach.ch\/2020\/wp-content\/uploads\/2019\/09\/Logo_Merlin_600.jpg 600w\" sizes=\"(max-width: 300px) 100vw, 300px\" \/><\/a><\/p>\n<hr \/>\n<p><strong>Apodro Drogerie Schwerzenbach<br \/>\n<\/strong><a title=\"\" href=\"https:\/\/www.apodro.ch\/1567-apodro-drogerie-schwerzenbach\" target=\"_blank\" rel=\"noopener noreferrer\">https:\/\/www.apodro.ch\/1567-apodro-drogerie-schwerzenbach<\/a><br \/>\nBahnstrasse 16, 8603 Schwerzenbach<\/p>\n<p><a href=\"https:\/\/dorffest-schwerzenbach.ch\/2020\/wp-content\/uploads\/2019\/09\/Logo_Apodro-1.jpg\"><img decoding=\"async\" loading=\"lazy\" class=\"alignnone size-medium wp-image-516\" src=\"https:\/\/dorffest-schwerzenbach.ch\/2020\/wp-content\/uploads\/2019\/09\/Logo_Apodro-1-300x99.jpg\" alt=\"\" width=\"300\" height=\"99\" srcset=\"https:\/\/dorffest-schwerzenbach.ch\/2020\/wp-content\/uploads\/2019\/09\/Logo_Apodro-1-300x99.jpg 300w, https:\/\/dorffest-schwerzenbach.ch\/2020\/wp-content\/uploads\/2019\/09\/Logo_Apodro-1.jpg 330w\" sizes=\"(max-width: 300px) 100vw, 300px\" \/><\/a><\/p>\n<hr \/>\n<p><strong>Konditorei Hotz, D\u00fcbendorf<br \/>\n<\/strong><a title=\"\" href=\"https:\/\/www.konditorei-hotz.ch\/konditorei\" target=\"_blank\" rel=\"noopener noreferrer\">https:\/\/www.konditorei-hotz.ch\/konditorei<\/a><br \/>\nFiliale Schwerzenbach<br \/>\nIm Einkaufszentrum Chimlim\u00e4rt, 8603 Schwerzenbach<\/p>\n<p><a href=\"https:\/\/dorffest-schwerzenbach.ch\/2020\/wp-content\/uploads\/2019\/09\/Konditor_Hotz.jpg\"><img decoding=\"async\" loading=\"lazy\" class=\"alignnone size-medium wp-image-570\" src=\"https:\/\/dorffest-schwerzenbach.ch\/2020\/wp-content\/uploads\/2019\/09\/Konditor_Hotz-300x77.jpg\" alt=\"\" width=\"300\" height=\"77\" srcset=\"https:\/\/dorffest-schwerzenbach.ch\/2020\/wp-content\/uploads\/2019\/09\/Konditor_Hotz-300x77.jpg 300w, https:\/\/dorffest-schwerzenbach.ch\/2020\/wp-content\/uploads\/2019\/09\/Konditor_Hotz.jpg 335w\" sizes=\"(max-width: 300px) 100vw, 300px\" \/><\/a><\/p>\n<hr \/>\n<p><strong>Morf AG<\/strong><br \/>\n<a title=\"\" href=\"http:\/\/www.morf-ag.ch\/\" target=\"_blank\" rel=\"nofollow noopener noreferrer\" data-ft=\"{&quot;tn&quot;:&quot;-U&quot;}\" data-lynx-mode=\"origin\" data-lynx-uri=\"https:\/\/l.facebook.com\/l.php?u=http%3A%2F%2Fwww.morf-ag.ch%2F&amp;h=AT3NwweJCMmwdQhtz49MEixQZj6sKJGAFPydJcO9nESbhPkr9fvDcgWPY9yVUZkebBcHSq6efQk5z6OIHnJmaDFsGm-XgfRhtPSosDfy87flvYK7D5jodPSlvqV4250BpYjRC30gPRuypQ_3UAQ3gYrr\">www.morf-ag.ch<\/a><br \/>\nEisenwarengesch\u00e4ft<br \/>\nAspstrasse 6, 8154 Oberglatt<\/p>\n<p><a href=\"https:\/\/dorffest-schwerzenbach.ch\/2020\/wp-content\/uploads\/2019\/09\/Logo_Morf.jpg\"><img decoding=\"async\" loading=\"lazy\" class=\"alignnone size-full wp-image-573\" src=\"https:\/\/dorffest-schwerzenbach.ch\/2020\/wp-content\/uploads\/2019\/09\/Logo_Morf.jpg\" alt=\"\" width=\"174\" height=\"179\" \/><\/a><\/p>\n<hr \/>\n<p><strong>Maler Killer AG<\/strong><br \/>\n<a title=\"\" href=\"http:\/\/www.malerkiller.ch\" target=\"_blank\" rel=\"noopener noreferrer\">www.malerkiller.ch<\/a><br \/>\nBahnstrasse 10, 8603 Schwerzenbach<\/p>\n<p><a href=\"https:\/\/dorffest-schwerzenbach.ch\/2020\/wp-content\/uploads\/2019\/10\/logo_Killer.jpg\"><img decoding=\"async\" loading=\"lazy\" class=\"alignnone size-medium wp-image-592\" src=\"https:\/\/dorffest-schwerzenbach.ch\/2020\/wp-content\/uploads\/2019\/10\/logo_Killer-300x210.jpg\" alt=\"\" width=\"300\" height=\"210\" srcset=\"https:\/\/dorffest-schwerzenbach.ch\/2020\/wp-content\/uploads\/2019\/10\/logo_Killer-300x210.jpg 300w, https:\/\/dorffest-schwerzenbach.ch\/2020\/wp-content\/uploads\/2019\/10\/logo_Killer.jpg 301w\" sizes=\"(max-width: 300px) 100vw, 300px\" \/><\/a><\/p>\n<hr \/>\n<p><strong>KFC Volketswil<\/strong><br \/>\n<a title=\"\" href=\"https:\/\/www.eat.ch\/restaurant\/kfc-volketswil\" target=\"_blank\" rel=\"noopener noreferrer\">https:\/\/www.eat.ch\/restaurant\/kfc-volketswil<\/a><br \/>\nIndustriestrasse 16A, 8604 Volketswil<\/p>\n<p><a href=\"https:\/\/dorffest-schwerzenbach.ch\/2020\/wp-content\/uploads\/2019\/10\/KFC_logo.jpg\"><img decoding=\"async\" loading=\"lazy\" class=\"alignnone size-medium wp-image-640\" src=\"https:\/\/dorffest-schwerzenbach.ch\/2020\/wp-content\/uploads\/2019\/10\/KFC_logo-300x150.jpg\" alt=\"\" width=\"300\" height=\"150\" srcset=\"https:\/\/dorffest-schwerzenbach.ch\/2020\/wp-content\/uploads\/2019\/10\/KFC_logo-300x150.jpg 300w, https:\/\/dorffest-schwerzenbach.ch\/2020\/wp-content\/uploads\/2019\/10\/KFC_logo.jpg 353w\" sizes=\"(max-width: 300px) 100vw, 300px\" \/><\/a><\/p>\n<hr \/>\n<p><strong>ADH Haushaltger\u00e4te AG<\/strong><br \/>\n<a title=\"\" href=\"https:\/\/www.adh.ch\/\" target=\"_blank\" rel=\"noopener noreferrer\">https:\/\/www.adh.ch\/<\/a><br \/>\n8132 Egg bei Z\u00fcrich<\/p>\n<p><a href=\"https:\/\/dorffest-schwerzenbach.ch\/2020\/wp-content\/uploads\/2019\/10\/ADH_logo.jpg\"><img decoding=\"async\" loading=\"lazy\" class=\"alignnone size-full wp-image-638\" src=\"https:\/\/dorffest-schwerzenbach.ch\/2020\/wp-content\/uploads\/2019\/10\/ADH_logo.jpg\" alt=\"\" width=\"296\" height=\"93\" \/><\/a><\/p>\n<hr \/>\n<p><strong>F\u00fcrst und Z\u00fcnd Elektro AG<\/strong><br \/>\n<a title=\"\" href=\"https:\/\/www.fz-elektroag.ch\/\" target=\"_blank\" rel=\"noopener noreferrer\">https:\/\/www.fz-elektroag.ch\/<\/a><br \/>\nGeissb\u00fcelstrasse 18, 8604 Volketswil<\/p>\n<p><a href=\"https:\/\/dorffest-schwerzenbach.ch\/2020\/wp-content\/uploads\/2019\/10\/fz_gross_logo-1.jpg\"><img decoding=\"async\" loading=\"lazy\" class=\"alignnone size-medium wp-image-662\" src=\"https:\/\/dorffest-schwerzenbach.ch\/2020\/wp-content\/uploads\/2019\/10\/fz_gross_logo-1-300x131.jpg\" alt=\"\" width=\"300\" height=\"131\" srcset=\"https:\/\/dorffest-schwerzenbach.ch\/2020\/wp-content\/uploads\/2019\/10\/fz_gross_logo-1-300x131.jpg 300w, https:\/\/dorffest-schwerzenbach.ch\/2020\/wp-content\/uploads\/2019\/10\/fz_gross_logo-1.jpg 448w\" sizes=\"(max-width: 300px) 100vw, 300px\" \/><\/a><\/p>\n<hr \/>\n<p><strong>F\u00fcrst Geb\u00e4udetechnik GmbH<\/strong><br \/>\n<a title=\"\" href=\"https:\/\/www.fz-gebaeudetechnik.ch\/\" target=\"_blank\" rel=\"noopener noreferrer\">https:\/\/www.fz-gebaeudetechnik.ch\/<\/a><br \/>\nGeissb\u00fcelstrasse 18, 8604 Volketswil<\/p>\n<p><a href=\"https:\/\/dorffest-schwerzenbach.ch\/2020\/wp-content\/uploads\/2018\/11\/zuend_gross_logo.jpg\"><img decoding=\"async\" loading=\"lazy\" class=\"alignnone size-medium wp-image-666\" src=\"https:\/\/dorffest-schwerzenbach.ch\/2020\/wp-content\/uploads\/2018\/11\/zuend_gross_logo-300x133.jpg\" alt=\"\" width=\"300\" height=\"133\" srcset=\"https:\/\/dorffest-schwerzenbach.ch\/2020\/wp-content\/uploads\/2018\/11\/zuend_gross_logo-300x133.jpg 300w, https:\/\/dorffest-schwerzenbach.ch\/2020\/wp-content\/uploads\/2018\/11\/zuend_gross_logo.jpg 367w\" sizes=\"(max-width: 300px) 100vw, 300px\" \/><\/a><\/p>\n<hr \/>\n<p><strong>PETRIG AG, Metallbau, Sanit\u00e4r, Werkleitungsbau<\/strong><br \/>\n<a title=\"\" href=\"https:\/\/www.petrig-ag.ch\" target=\"_blank\" rel=\"noopener noreferrer\">https:\/\/www.petrig-ag.ch<\/a><br \/>\nZ\u00fcrcherstrasse 16, 8604 Hegnau-Volketswil<\/p>\n<p><a href=\"https:\/\/dorffest-schwerzenbach.ch\/2020\/wp-content\/uploads\/2019\/10\/Petrig_logo.jpg\"><img decoding=\"async\" loading=\"lazy\" class=\"alignnone size-medium wp-image-670\" src=\"https:\/\/dorffest-schwerzenbach.ch\/2020\/wp-content\/uploads\/2019\/10\/Petrig_logo-300x78.jpg\" alt=\"\" width=\"300\" height=\"78\" srcset=\"https:\/\/dorffest-schwerzenbach.ch\/2020\/wp-content\/uploads\/2019\/10\/Petrig_logo-300x78.jpg 300w, https:\/\/dorffest-schwerzenbach.ch\/2020\/wp-content\/uploads\/2019\/10\/Petrig_logo.jpg 414w\" sizes=\"(max-width: 300px) 100vw, 300px\" \/><\/a><\/p>\n<hr \/>\n<p><strong>HALTER AG, Heizung &#8211; Sanit\u00e4r &#8211; Klima<\/strong><br \/>\n<a title=\"\" href=\"https:\/\/www.halterag.ch\/\" target=\"_blank\" rel=\"noopener noreferrer\">https:\/\/www.halterag.ch\/<\/a><br \/>\nAlte Landstrasse 12, 8600 D\u00fcbendorf<\/p>\n<p><a href=\"https:\/\/dorffest-schwerzenbach.ch\/2020\/wp-content\/uploads\/2019\/10\/Halter_logo.jpg\"><img decoding=\"async\" loading=\"lazy\" class=\"alignnone size-medium wp-image-669\" src=\"https:\/\/dorffest-schwerzenbach.ch\/2020\/wp-content\/uploads\/2019\/10\/Halter_logo-300x143.jpg\" alt=\"\" width=\"300\" height=\"143\" srcset=\"https:\/\/dorffest-schwerzenbach.ch\/2020\/wp-content\/uploads\/2019\/10\/Halter_logo-300x143.jpg 300w, https:\/\/dorffest-schwerzenbach.ch\/2020\/wp-content\/uploads\/2019\/10\/Halter_logo.jpg 461w\" sizes=\"(max-width: 300px) 100vw, 300px\" \/><\/a><\/p>\n<hr \/>\n<p><strong>Coiffeur Gjo<br \/>\n<\/strong><a title=\"\" href=\"https:\/\/www.coiffeur-gjo.ch\" target=\"_blank\" rel=\"noopener noreferrer\">https:\/\/www.coiffeur-gjo.ch<\/a><strong><br \/>\n<\/strong>Bahnstrasse 16, 8603 Schwerzenbach<\/p>\n<p><a href=\"https:\/\/dorffest-schwerzenbach.ch\/2020\/wp-content\/uploads\/2019\/10\/Gjo_logo.jpg\"><img decoding=\"async\" loading=\"lazy\" class=\"alignnone size-medium wp-image-673\" src=\"https:\/\/dorffest-schwerzenbach.ch\/2020\/wp-content\/uploads\/2019\/10\/Gjo_logo-300x58.jpg\" alt=\"\" width=\"300\" height=\"58\" srcset=\"https:\/\/dorffest-schwerzenbach.ch\/2020\/wp-content\/uploads\/2019\/10\/Gjo_logo-300x58.jpg 300w, https:\/\/dorffest-schwerzenbach.ch\/2020\/wp-content\/uploads\/2019\/10\/Gjo_logo-768x147.jpg 768w, https:\/\/dorffest-schwerzenbach.ch\/2020\/wp-content\/uploads\/2019\/10\/Gjo_logo.jpg 938w\" sizes=\"(max-width: 300px) 100vw, 300px\" \/><\/a><\/p>\n<hr \/>\n<p><strong>Meili Sanit\u00e4r GmbH<\/strong><br \/>\n<a title=\"\" href=\"https:\/\/www.meili-sanitaer.ch\/\" target=\"_blank\" rel=\"noopener noreferrer\">https:\/\/www.meili-sanitaer.ch\/<\/a><\/p>\n<p><a href=\"https:\/\/dorffest-schwerzenbach.ch\/2020\/wp-content\/uploads\/2019\/11\/Meili_logo-1.png\"><img decoding=\"async\" loading=\"lazy\" class=\"alignnone size-medium wp-image-682\" src=\"https:\/\/dorffest-schwerzenbach.ch\/2020\/wp-content\/uploads\/2019\/11\/Meili_logo-1-300x177.png\" alt=\"\" width=\"300\" height=\"177\" srcset=\"https:\/\/dorffest-schwerzenbach.ch\/2020\/wp-content\/uploads\/2019\/11\/Meili_logo-1-300x177.png 300w, https:\/\/dorffest-schwerzenbach.ch\/2020\/wp-content\/uploads\/2019\/11\/Meili_logo-1.png 441w\" sizes=\"(max-width: 300px) 100vw, 300px\" \/><\/a><\/p>\n<hr \/>\n<p><strong>Garage Bosshardt AG, F\u00e4llanden<\/strong><br \/>\n<a href=\"https:\/\/www.garage-bosshardt.ch\/\">https:\/\/www.garage-bosshardt.ch\/<\/a><br \/>\nSchwerzenbachstrasse 41 8117 <em>F\u00e4llanden<\/em><\/p>\n<p><a href=\"https:\/\/dorffest-schwerzenbach.ch\/2020\/wp-content\/uploads\/2019\/11\/Bosshardt_logo.jpg\"><img decoding=\"async\" loading=\"lazy\" class=\"alignnone size-full wp-image-728\" src=\"https:\/\/dorffest-schwerzenbach.ch\/2020\/wp-content\/uploads\/2019\/11\/Bosshardt_logo.jpg\" alt=\"\" width=\"282\" height=\"74\" \/><\/a><\/p>\n<hr \/>\n<p><strong>Erich Staubli Getr\u00e4nke, Uster<\/strong><br \/>\n<a href=\"https:\/\/www.staubligetraenke.ch\/\">https:\/\/www.staubligetraenke.ch\/<\/a><br \/>\nSeestrasse 165, 8610 Uster<\/p>\n<p><a href=\"https:\/\/dorffest-schwerzenbach.ch\/2020\/wp-content\/uploads\/2019\/11\/staubli-logo.jpg\"><img decoding=\"async\" loading=\"lazy\" class=\"alignnone size-full wp-image-734\" src=\"https:\/\/dorffest-schwerzenbach.ch\/2020\/wp-content\/uploads\/2019\/11\/staubli-logo.jpg\" alt=\"\" width=\"279\" height=\"138\" \/><\/a><\/p>\n<hr \/>\n<p><strong>Soreco AG<\/strong><br \/>\n<a href=\"http:\/\/www.soreco.ch\/\">www.soreco.ch<\/a><br \/>\nRingstrasse 7, 8603 Schwerzenbach<\/p>\n<p><a href=\"https:\/\/dorffest-schwerzenbach.ch\/2020\/wp-content\/uploads\/2020\/03\/soreco.jpg\"><img decoding=\"async\" loading=\"lazy\" class=\"alignnone size-medium wp-image-752\" src=\"https:\/\/dorffest-schwerzenbach.ch\/2020\/wp-content\/uploads\/2020\/03\/soreco-300x91.jpg\" alt=\"\" width=\"300\" height=\"91\" srcset=\"https:\/\/dorffest-schwerzenbach.ch\/2020\/wp-content\/uploads\/2020\/03\/soreco-300x91.jpg 300w, https:\/\/dorffest-schwerzenbach.ch\/2020\/wp-content\/uploads\/2020\/03\/soreco.jpg 718w\" sizes=\"(max-width: 300px) 100vw, 300px\" \/><\/a><\/p>\n<hr \/>\n<hr \/>\n<h2><strong>freier Sponsorenbeitrag<\/strong><\/h2>\n<p><strong>Fr. 500.&#8211;<\/strong><br \/>\n<strong>GGA Maur<\/strong><br \/>\n<a title=\"\" href=\"https:\/\/www.gga.ch\/\" target=\"_blank\" rel=\"noopener noreferrer\">https:\/\/www.gga.ch\/<\/a><br \/>\nBinzstrasse 1, 8122 Binz<\/p>\n<p><a href=\"https:\/\/dorffest-schwerzenbach.ch\/2020\/wp-content\/uploads\/2020\/04\/gga_logo.jpg\"><img decoding=\"async\" loading=\"lazy\" class=\"alignnone  wp-image-762\" src=\"https:\/\/dorffest-schwerzenbach.ch\/2020\/wp-content\/uploads\/2020\/04\/gga_logo.jpg\" alt=\"\" width=\"211\" height=\"102\" \/><\/a><\/p>\n<hr \/>\n<p class=\"ci\"><strong>Fr. 200.&#8211;<br \/>\nKIBAG Kanalunterhalt AG<br \/>\n<\/strong><a title=\"\" href=\"https:\/\/www.kibag.ch\/de\/standort\/kibag-kanalunterhalt-faellanden.html\" target=\"_blank\" rel=\"noopener noreferrer\">https:\/\/www.kibag.ch\/de\/standort\/kibag-kanalunterhalt-faellanden.html<\/a><strong><br \/>\n<\/strong>Industriestrasse 30, 8117 F\u00e4llanden<\/p>\n<p><a href=\"https:\/\/dorffest-schwerzenbach.ch\/2020\/wp-content\/uploads\/2019\/09\/logo_Kibag.jpg\"><img decoding=\"async\" loading=\"lazy\" class=\"alignnone size-full wp-image-581\" src=\"https:\/\/dorffest-schwerzenbach.ch\/2020\/wp-content\/uploads\/2019\/09\/logo_Kibag.jpg\" alt=\"\" width=\"231\" height=\"117\" \/><\/a><\/p>\n<hr \/>\n<p><strong>Fr. 100.&#8211;<br \/>\n<\/strong><strong>New West Betriebs AG<\/strong><br \/>\nIfangstrasse 2, 8603 Schwerzenbach<\/p>\n<p><a href=\"https:\/\/dorffest-schwerzenbach.ch\/2020\/wp-content\/uploads\/2019\/10\/logo_new-west.jpg\"><img decoding=\"async\" loading=\"lazy\" class=\"alignnone size-medium wp-image-593\" src=\"https:\/\/dorffest-schwerzenbach.ch\/2020\/wp-content\/uploads\/2019\/10\/logo_new-west-300x59.jpg\" alt=\"\" width=\"300\" height=\"59\" srcset=\"https:\/\/dorffest-schwerzenbach.ch\/2020\/wp-content\/uploads\/2019\/10\/logo_new-west-300x59.jpg 300w, https:\/\/dorffest-schwerzenbach.ch\/2020\/wp-content\/uploads\/2019\/10\/logo_new-west.jpg 306w\" sizes=\"(max-width: 300px) 100vw, 300px\" \/><\/a><\/p>\n<hr \/>\n<p><strong>Fr. 100.&#8211;<\/strong><br \/>\n<strong>Parafigura Miriam Frey<\/strong><br \/>\n<a title=\"\" href=\"https:\/\/www.parafigura.com\/\" target=\"_blank\" rel=\"noopener noreferrer\">www.parafigura.com<\/a><br \/>\nBettlistrasse 28, 8600 D\u00fcbendorf<\/p>\n<p><a href=\"https:\/\/dorffest-schwerzenbach.ch\/2020\/wp-content\/uploads\/2019\/10\/Parafigura_logo.jpg\"><img decoding=\"async\" loading=\"lazy\" class=\"alignnone size-full wp-image-651\" src=\"https:\/\/dorffest-schwerzenbach.ch\/2020\/wp-content\/uploads\/2019\/10\/Parafigura_logo.jpg\" alt=\"\" width=\"189\" height=\"52\" \/><\/a><\/p>\n<hr \/>\n<p><strong>Fr. 100.&#8211;<\/strong><br \/>\n<strong>IMHOFBIO AG<\/strong><br \/>\n<a title=\"\" href=\"https:\/\/imhofbio.ch\/de\/\" target=\"_blank\" rel=\"noopener noreferrer\">https:\/\/imhofbio.ch\/de\/<\/a><br \/>\nEichhof, 8603 Schwerzenbach<\/p>\n<p><a href=\"https:\/\/dorffest-schwerzenbach.ch\/2020\/wp-content\/uploads\/2019\/10\/Imhof_logo.jpg\"><img decoding=\"async\" loading=\"lazy\" class=\"alignnone size-full wp-image-655\" src=\"https:\/\/dorffest-schwerzenbach.ch\/2020\/wp-content\/uploads\/2019\/10\/Imhof_logo.jpg\" alt=\"\" width=\"221\" height=\"85\" \/><\/a><\/p>\n<hr \/>\n<p><strong>Wir bedanken uns bei unseren Sponsoren herzlich f\u00fcr die Unterst\u00fctzung!<\/strong><\/p>\n<hr \/>\n","protected":false},"excerpt":{"rendered":"<p>Ohne unsere Sponsoren w\u00e4re ein Dorffest kaum durchf\u00fchrbar, denn die Ortsvereine k\u00f6nnten die notwendige Infrastruktur kaum (vor)finanzieren. Sponsoring?\u00a0 Sponsoringm\u00f6glichkeiten &lt;hier klicken&gt; Historie: Unsere Sponsoren 2020 Hauptsponsoren Meier Tobler AG https:\/\/www.meiertobler.ch\/de\/ Bahnstrasse 24, Postfach, 8603 Schwerzenbach Gold-Sponsoren Denner Partner Schwerzenbach https:\/\/www.denner.ch\/de\/suche\/?form=top&amp;q=8603 Bahnstrasse 18,8603 Schwerzenbach Silber-Sponsoren Zindel Beratung Revision Treuhand GmbH https:\/\/www.zindelbrt.ch\/ Ifangstrasse 12b, 8603 Schwerzenbach Sponsorentafel [&hellip;]<\/p>\n","protected":false},"author":1,"featured_media":0,"comment_status":"closed","ping_status":"closed","sticky":false,"template":"","format":"standard","meta":{"footnotes":""},"categories":[4],"tags":[],"_links":{"self":[{"href":"https:\/\/dorffest-schwerzenbach.ch\/2020\/wp-json\/wp\/v2\/posts\/64"}],"collection":[{"href":"https:\/\/dorffest-schwerzenbach.ch\/2020\/wp-json\/wp\/v2\/posts"}],"about":[{"href":"https:\/\/dorffest-schwerzenbach.ch\/2020\/wp-json\/wp\/v2\/types\/post"}],"author":[{"embeddable":true,"href":"https:\/\/dorffest-schwerzenbach.ch\/2020\/wp-json\/wp\/v2\/users\/1"}],"replies":[{"embeddable":true,"href":"https:\/\/dorffest-schwerzenbach.ch\/2020\/wp-json\/wp\/v2\/comments?post=64"}],"version-history":[{"count":71,"href":"https:\/\/dorffest-schwerzenbach.ch\/2020\/wp-json\/wp\/v2\/posts\/64\/revisions"}],"predecessor-version":[{"id":918,"href":"https:\/\/dorffest-schwerzenbach.ch\/2020\/wp-json\/wp\/v2\/posts\/64\/revisions\/918"}],"wp:attachment":[{"href":"https:\/\/dorffest-schwerzenbach.ch\/2020\/wp-json\/wp\/v2\/media?parent=64"}],"wp:term":[{"taxonomy":"category","embeddable":true,"href":"https:\/\/dorffest-schwerzenbach.ch\/2020\/wp-json\/wp\/v2\/categories?post=64"},{"taxonomy":"post_tag","embeddable":true,"href":"https:\/\/dorffest-schwerzenbach.ch\/2020\/wp-json\/wp\/v2\/tags?post=64"}],"curies":[{"name":"wp","href":"https:\/\/api.w.org\/{rel}","templated":true}]}}